{"id":14084,"date":"2025-12-15T18:23:17","date_gmt":"2025-12-15T17:23:17","guid":{"rendered":"https:\/\/ces.gob.gt\/?p=14084"},"modified":"2026-01-26T22:59:09","modified_gmt":"2026-01-26T21:59:09","slug":"el-derecho-de-propiedad-como-factor-estructural-del-desarrollo-analisis-tecnico-presentado-ante-el-ces","status":"publish","type":"post","link":"https:\/\/ces.gob.gt\/index.php\/2025\/12\/15\/el-derecho-de-propiedad-como-factor-estructural-del-desarrollo-analisis-tecnico-presentado-ante-el-ces\/","title":{"rendered":"El derecho de propiedad como factor estructural del desarrollo: an\u00e1lisis t\u00e9cnico presentado ante el CES"},"content":{"rendered":"\t\t<div data-elementor-type=\"wp-post\" data-elementor-id=\"14084\" class=\"elementor elementor-14084\" data-elementor-post-type=\"post\">\n\t\t\t\t<div class=\"elementor-element elementor-element-6e53eb30 e-flex e-con-boxed e-con e-parent\" data-id=\"6e53eb30\" data-element_type=\"container\">\n\t\t\t\t\t<div class=\"e-con-inner\">\n\t\t\t\t<div class=\"elementor-element elementor-element-b5def5a elementor-widget elementor-widget-text-editor\" data-id=\"b5def5a\" data-element_type=\"widget\" data-widget_type=\"text-editor.default\">\n\t\t\t\t<div class=\"elementor-widget-container\">\n\t\t\t\t\t\t\t\t\t<div class=\"paragraph normal ng-star-inserted\" data-start-index=\"25087\"><b class=\"ng-star-inserted\" data-start-index=\"25087\">Un espacio de an\u00e1lisis t\u00e9cnico en el marco del di\u00e1logo social<\/b> <span class=\"ng-star-inserted\" data-start-index=\"25149\">En el marco de su Asamblea Ordinaria No. 12-2025, el Consejo Econ\u00f3mico y Social de Guatemala facilit\u00f3 la exposici\u00f3n t\u00e9cnica <\/span><b class=\"ng-star-inserted\" data-start-index=\"25273\">\u201cPropiedad y Desarrollo\u201d<\/b><span class=\"ng-star-inserted\" data-start-index=\"25297\">, orientada a analizar la relaci\u00f3n entre la protecci\u00f3n del derecho de propiedad y el desarrollo econ\u00f3mico. La presentaci\u00f3n estuvo a cargo de la <\/span><b class=\"ng-star-inserted\" data-start-index=\"25441\">Lic. Andrea C\u00e1ceres<\/b><span class=\"ng-star-inserted\" data-start-index=\"25460\"> y el <\/span><b class=\"ng-star-inserted\" data-start-index=\"25466\">Lic. Jorge Gabriel Jim\u00e9nez<\/b><span class=\"ng-star-inserted\" data-start-index=\"25492\">, representantes del <\/span><b class=\"ng-star-inserted\" data-start-index=\"25513\">Observatorio de Derechos de Propiedad<\/b><span class=\"ng-star-inserted\" data-start-index=\"25550\">, instancia dedicada al estudio y seguimiento de esta materia a nivel nacional e internacional.<\/span><\/div><div class=\"paragraph normal ng-star-inserted\" data-start-index=\"25645\"><span class=\"ng-star-inserted\" data-start-index=\"25645\">La actividad se desarroll\u00f3 como parte de los espacios de di\u00e1logo t\u00e9cnico que el Consejo promueve con los sectores productivos, en coherencia con su mandato consultivo y su funci\u00f3n de facilitar el intercambio de informaci\u00f3n especializada.<\/span><\/div><div class=\"paragraph normal ng-star-inserted\" data-start-index=\"25882\"><b class=\"ng-star-inserted\" data-start-index=\"25882\">Resultados del \u00cdndice Internacional de Derechos de Propiedad 2025<\/b> <span class=\"ng-star-inserted\" data-start-index=\"25948\">Durante la exposici\u00f3n se presentaron los principales hallazgos del <\/span><b class=\"ng-star-inserted\" data-start-index=\"26015\">\u00cdndice Internacional de Derechos de Propiedad 2025<\/b><span class=\"ng-star-inserted\" data-start-index=\"26065\">, instrumento que eval\u00faa el desempe\u00f1o de los pa\u00edses en la protecci\u00f3n de los derechos de propiedad f\u00edsica e intelectual, a partir de variables legales, pol\u00edticas e institucionales.<\/span><\/div><div class=\"paragraph normal ng-star-inserted\" data-start-index=\"26244\"><span class=\"ng-star-inserted\" data-start-index=\"26244\">El an\u00e1lisis permiti\u00f3 contextualizar la situaci\u00f3n de Guatemala dentro del entorno internacional y abordar desaf\u00edos estructurales asociados al entorno pol\u00edtico y legal. Se se\u00f1alaron factores que inciden en el Estado de Derecho y en la certeza jur\u00eddica, as\u00ed como su impacto en la seguridad de las transacciones, la inversi\u00f3n y el funcionamiento de la econom\u00eda.<\/span><\/div><div class=\"paragraph normal ng-star-inserted\" data-start-index=\"26601\"><span class=\"ng-star-inserted\" data-start-index=\"26601\">Asimismo, se explic\u00f3 la utilidad del \u00cdndice como una herramienta para identificar brechas institucionales y \u00e1reas de mejora relacionadas con la calidad normativa, la eficiencia del sistema de justicia y la coordinaci\u00f3n entre entidades p\u00fablicas.<\/span><\/div><div class=\"paragraph normal ng-star-inserted\" data-start-index=\"26845\"><b class=\"ng-star-inserted\" data-start-index=\"26845\">Propuestas t\u00e9cnicas para el fortalecimiento institucional<\/b> <span class=\"ng-star-inserted\" data-start-index=\"26903\">Como parte del abordaje t\u00e9cnico, los ponentes presentaron propuestas orientadas al fortalecimiento del marco institucional en materia de derechos de propiedad. Entre ellas, se mencion\u00f3 la <\/span><b class=\"ng-star-inserted\" data-start-index=\"27091\">creaci\u00f3n de juzgados especializados<\/b><span class=\"ng-star-inserted\" data-start-index=\"27126\">, con el objetivo de mejorar la atenci\u00f3n de controversias y optimizar los tiempos de resoluci\u00f3n.<\/span><\/div><div class=\"paragraph normal ng-star-inserted\" data-start-index=\"27222\"><span class=\"ng-star-inserted\" data-start-index=\"27222\">Tambi\u00e9n se destac\u00f3 la <\/span><b class=\"ng-star-inserted\" data-start-index=\"27244\">unificaci\u00f3n de protocolos interinstitucionales<\/b><span class=\"ng-star-inserted\" data-start-index=\"27290\"> como una medida para fortalecer la coordinaci\u00f3n entre las entidades responsables del registro, la protecci\u00f3n y la administraci\u00f3n de los derechos de propiedad. Estas propuestas fueron expuestas como elementos t\u00e9cnicos que contribuyen a mejorar la certeza jur\u00eddica y a generar condiciones m\u00e1s favorables para el desarrollo econ\u00f3mico.<\/span><\/div><div class=\"paragraph normal ng-star-inserted\" data-start-index=\"27622\"><span class=\"ng-star-inserted\" data-start-index=\"27622\">Con este tipo de espacios, el Consejo contin\u00faa facilitando an\u00e1lisis especializados que nutren el di\u00e1logo social y aportan informaci\u00f3n objetiva para la reflexi\u00f3n sobre los desaf\u00edos estructurales del pa\u00eds, en el \u00e1mbito econ\u00f3mico y social.<\/span><\/div>\t\t\t\t\t\t\t\t<\/div>\n\t\t\t\t<\/div>\n\t\t\t\t\t<\/div>\n\t\t\t\t<\/div>\n\t\t<div class=\"elementor-element elementor-element-3e1a6901 e-flex e-con-boxed e-con e-parent\" data-id=\"3e1a6901\" data-element_type=\"container\">\n\t\t\t\t\t<div class=\"e-con-inner\">\n\t\t\t\t<div class=\"elementor-element elementor-element-2dac7e7e elementor-widget elementor-widget-gallery\" data-id=\"2dac7e7e\" data-element_type=\"widget\" data-settings=\"{&quot;lazyload&quot;:&quot;yes&quot;,&quot;gallery_layout&quot;:&quot;grid&quot;,&quot;columns&quot;:4,&quot;columns_tablet&quot;:2,&quot;columns_mobile&quot;:1,&quot;gap&quot;:{&quot;unit&quot;:&quot;px&quot;,&quot;size&quot;:10,&quot;sizes&quot;:[]},&quot;gap_tablet&quot;:{&quot;unit&quot;:&quot;px&quot;,&quot;size&quot;:10,&quot;sizes&quot;:[]},&quot;gap_mobile&quot;:{&quot;unit&quot;:&quot;px&quot;,&quot;size&quot;:10,&quot;sizes&quot;:[]},&quot;link_to&quot;:&quot;file&quot;,&quot;aspect_ratio&quot;:&quot;3:2&quot;,&quot;overlay_background&quot;:&quot;yes&quot;,&quot;content_hover_animation&quot;:&quot;fade-in&quot;}\" data-widget_type=\"gallery.default\">\n\t\t\t\t<div class=\"elementor-widget-container\">\n\t\t\t\t\t\t\t<div class=\"elementor-gallery__container\">\n\t\t\t\t\t\t\t<a class=\"e-gallery-item elementor-gallery-item elementor-animated-content\" href=\"https:\/\/ces.gob.gt\/wp-content\/uploads\/2026\/01\/01-expositores-1.jpg\" data-elementor-open-lightbox=\"yes\" data-elementor-lightbox-slideshow=\"2dac7e7e\" data-elementor-lightbox-title=\"01 expositores\" data-e-action-hash=\"#elementor-action%3Aaction%3Dlightbox%26settings%3DeyJpZCI6MTQwODksInVybCI6Imh0dHBzOlwvXC9jZXMuZ29iLmd0XC93cC1jb250ZW50XC91cGxvYWRzXC8yMDI2XC8wMVwvMDEtZXhwb3NpdG9yZXMtMS5qcGciLCJzbGlkZXNob3ciOiIyZGFjN2U3ZSJ9\">\n\t\t\t\t\t<div class=\"e-gallery-image elementor-gallery-item__image\" data-thumbnail=\"https:\/\/ces.gob.gt\/wp-content\/uploads\/2026\/01\/01-expositores-1-300x200.jpg\" data-width=\"300\" data-height=\"200\" aria-label=\"\" role=\"img\" ><\/div>\n\t\t\t\t\t\t\t\t\t\t\t<div class=\"elementor-gallery-item__overlay\"><\/div>\n\t\t\t\t\t\t\t\t\t\t\t\t\t\t<\/a>\n\t\t\t\t\t\t\t<a class=\"e-gallery-item elementor-gallery-item elementor-animated-content\" href=\"https:\/\/ces.gob.gt\/wp-content\/uploads\/2026\/01\/IMG_4990.jpg\" data-elementor-open-lightbox=\"yes\" data-elementor-lightbox-slideshow=\"2dac7e7e\" data-elementor-lightbox-title=\"IMG_4990\" data-e-action-hash=\"#elementor-action%3Aaction%3Dlightbox%26settings%3DeyJpZCI6MTQwOTAsInVybCI6Imh0dHBzOlwvXC9jZXMuZ29iLmd0XC93cC1jb250ZW50XC91cGxvYWRzXC8yMDI2XC8wMVwvSU1HXzQ5OTAuanBnIiwic2xpZGVzaG93IjoiMmRhYzdlN2UifQ%3D%3D\">\n\t\t\t\t\t<div class=\"e-gallery-image elementor-gallery-item__image\" data-thumbnail=\"https:\/\/ces.gob.gt\/wp-content\/uploads\/2026\/01\/IMG_4990-300x200.jpg\" data-width=\"300\" data-height=\"200\" aria-label=\"\" role=\"img\" ><\/div>\n\t\t\t\t\t\t\t\t\t\t\t<div class=\"elementor-gallery-item__overlay\"><\/div>\n\t\t\t\t\t\t\t\t\t\t\t\t\t\t<\/a>\n\t\t\t\t\t\t\t<a class=\"e-gallery-item elementor-gallery-item elementor-animated-content\" href=\"https:\/\/ces.gob.gt\/wp-content\/uploads\/2026\/01\/IMG_4993.jpg\" data-elementor-open-lightbox=\"yes\" data-elementor-lightbox-slideshow=\"2dac7e7e\" data-elementor-lightbox-title=\"IMG_4993\" data-e-action-hash=\"#elementor-action%3Aaction%3Dlightbox%26settings%3DeyJpZCI6MTQwOTEsInVybCI6Imh0dHBzOlwvXC9jZXMuZ29iLmd0XC93cC1jb250ZW50XC91cGxvYWRzXC8yMDI2XC8wMVwvSU1HXzQ5OTMuanBnIiwic2xpZGVzaG93IjoiMmRhYzdlN2UifQ%3D%3D\">\n\t\t\t\t\t<div class=\"e-gallery-image elementor-gallery-item__image\" data-thumbnail=\"https:\/\/ces.gob.gt\/wp-content\/uploads\/2026\/01\/IMG_4993-300x200.jpg\" data-width=\"300\" data-height=\"200\" aria-label=\"\" role=\"img\" ><\/div>\n\t\t\t\t\t\t\t\t\t\t\t<div class=\"elementor-gallery-item__overlay\"><\/div>\n\t\t\t\t\t\t\t\t\t\t\t\t\t\t<\/a>\n\t\t\t\t\t\t\t<a class=\"e-gallery-item elementor-gallery-item elementor-animated-content\" href=\"https:\/\/ces.gob.gt\/wp-content\/uploads\/2026\/01\/IMG_4995.jpg\" data-elementor-open-lightbox=\"yes\" data-elementor-lightbox-slideshow=\"2dac7e7e\" data-elementor-lightbox-title=\"IMG_4995\" data-e-action-hash=\"#elementor-action%3Aaction%3Dlightbox%26settings%3DeyJpZCI6MTQwOTIsInVybCI6Imh0dHBzOlwvXC9jZXMuZ29iLmd0XC93cC1jb250ZW50XC91cGxvYWRzXC8yMDI2XC8wMVwvSU1HXzQ5OTUuanBnIiwic2xpZGVzaG93IjoiMmRhYzdlN2UifQ%3D%3D\">\n\t\t\t\t\t<div class=\"e-gallery-image elementor-gallery-item__image\" data-thumbnail=\"https:\/\/ces.gob.gt\/wp-content\/uploads\/2026\/01\/IMG_4995-300x200.jpg\" data-width=\"300\" data-height=\"200\" aria-label=\"\" role=\"img\" ><\/div>\n\t\t\t\t\t\t\t\t\t\t\t<div class=\"elementor-gallery-item__overlay\"><\/div>\n\t\t\t\t\t\t\t\t\t\t\t\t\t\t<\/a>\n\t\t\t\t\t\t\t<a class=\"e-gallery-item elementor-gallery-item elementor-animated-content\" href=\"https:\/\/ces.gob.gt\/wp-content\/uploads\/2026\/01\/IMG_5005-scaled.jpg\" data-elementor-open-lightbox=\"yes\" data-elementor-lightbox-slideshow=\"2dac7e7e\" data-elementor-lightbox-title=\"IMG_5005\" data-e-action-hash=\"#elementor-action%3Aaction%3Dlightbox%26settings%3DeyJpZCI6MTQwOTMsInVybCI6Imh0dHBzOlwvXC9jZXMuZ29iLmd0XC93cC1jb250ZW50XC91cGxvYWRzXC8yMDI2XC8wMVwvSU1HXzUwMDUtc2NhbGVkLmpwZyIsInNsaWRlc2hvdyI6IjJkYWM3ZTdlIn0%3D\">\n\t\t\t\t\t<div class=\"e-gallery-image elementor-gallery-item__image\" data-thumbnail=\"https:\/\/ces.gob.gt\/wp-content\/uploads\/2026\/01\/IMG_5005-300x200.jpg\" data-width=\"300\" data-height=\"200\" aria-label=\"\" role=\"img\" ><\/div>\n\t\t\t\t\t\t\t\t\t\t\t<div class=\"elementor-gallery-item__overlay\"><\/div>\n\t\t\t\t\t\t\t\t\t\t\t\t\t\t<\/a>\n\t\t\t\t\t\t\t<a class=\"e-gallery-item elementor-gallery-item elementor-animated-content\" href=\"https:\/\/ces.gob.gt\/wp-content\/uploads\/2026\/01\/IMG_5106.jpg\" data-elementor-open-lightbox=\"yes\" data-elementor-lightbox-slideshow=\"2dac7e7e\" data-elementor-lightbox-title=\"IMG_5106\" data-e-action-hash=\"#elementor-action%3Aaction%3Dlightbox%26settings%3DeyJpZCI6MTQwOTQsInVybCI6Imh0dHBzOlwvXC9jZXMuZ29iLmd0XC93cC1jb250ZW50XC91cGxvYWRzXC8yMDI2XC8wMVwvSU1HXzUxMDYuanBnIiwic2xpZGVzaG93IjoiMmRhYzdlN2UifQ%3D%3D\">\n\t\t\t\t\t<div class=\"e-gallery-image elementor-gallery-item__image\" data-thumbnail=\"https:\/\/ces.gob.gt\/wp-content\/uploads\/2026\/01\/IMG_5106-300x200.jpg\" data-width=\"300\" data-height=\"200\" aria-label=\"\" role=\"img\" ><\/div>\n\t\t\t\t\t\t\t\t\t\t\t<div class=\"elementor-gallery-item__overlay\"><\/div>\n\t\t\t\t\t\t\t\t\t\t\t\t\t\t<\/a>\n\t\t\t\t\t<\/div>\n\t\t\t\t\t<\/div>\n\t\t\t\t<\/div>\n\t\t\t\t\t<\/div>\n\t\t\t\t<\/div>\n\t\t\t\t<\/div>\n\t\t","protected":false},"excerpt":{"rendered":"<p>En la Asamblea Ordinaria No. 12-2025 del Consejo Econ\u00f3mico y Social de Guatemala, se desarroll\u00f3 una exposici\u00f3n t\u00e9cnica centrada en la relaci\u00f3n entre el derecho de propiedad y el desarrollo econ\u00f3mico. A partir de los resultados del \u00cdndice Internacional de Derechos de Propiedad 2025, especialistas del Observatorio de Derechos de Propiedad presentaron un an\u00e1lisis del entorno institucional, legal y pol\u00edtico del pa\u00eds, as\u00ed como propuestas orientadas al fortalecimiento de la certeza jur\u00eddica como elemento clave para el desarrollo.<\/p>\n","protected":false},"author":4,"featured_media":14302,"comment_status":"closed","ping_status":"closed","sticky":false,"template":"","format":"standard","meta":{"footnotes":""},"categories":[55],"tags":[],"class_list":["post-14084","post","type-post","status-publish","format-standard","has-post-thumbnail","hentry","category-asambleas-2025"],"_links":{"self":[{"href":"https:\/\/ces.gob.gt\/index.php\/wp-json\/wp\/v2\/posts\/14084","targetHints":{"allow":["GET"]}}],"collection":[{"href":"https:\/\/ces.gob.gt\/index.php\/wp-json\/wp\/v2\/posts"}],"about":[{"href":"https:\/\/ces.gob.gt\/index.php\/wp-json\/wp\/v2\/types\/post"}],"author":[{"embeddable":true,"href":"https:\/\/ces.gob.gt\/index.php\/wp-json\/wp\/v2\/users\/4"}],"replies":[{"embeddable":true,"href":"https:\/\/ces.gob.gt\/index.php\/wp-json\/wp\/v2\/comments?post=14084"}],"version-history":[{"count":12,"href":"https:\/\/ces.gob.gt\/index.php\/wp-json\/wp\/v2\/posts\/14084\/revisions"}],"predecessor-version":[{"id":14329,"href":"https:\/\/ces.gob.gt\/index.php\/wp-json\/wp\/v2\/posts\/14084\/revisions\/14329"}],"wp:featuredmedia":[{"embeddable":true,"href":"https:\/\/ces.gob.gt\/index.php\/wp-json\/wp\/v2\/media\/14302"}],"wp:attachment":[{"href":"https:\/\/ces.gob.gt\/index.php\/wp-json\/wp\/v2\/media?parent=14084"}],"wp:term":[{"taxonomy":"category","embeddable":true,"href":"https:\/\/ces.gob.gt\/index.php\/wp-json\/wp\/v2\/categories?post=14084"},{"taxonomy":"post_tag","embeddable":true,"href":"https:\/\/ces.gob.gt\/index.php\/wp-json\/wp\/v2\/tags?post=14084"}],"curies":[{"name":"wp","href":"https:\/\/api.w.org\/{rel}","templated":true}]}}