{"id":16748,"date":"2026-03-20T00:14:38","date_gmt":"2026-03-19T23:14:38","guid":{"rendered":"https:\/\/ces.gob.gt\/?p=16748"},"modified":"2026-04-07T19:25:54","modified_gmt":"2026-04-07T17:25:54","slug":"asamblea-ordinaria-no-3-2026-del-ces-guatemala-abordo-la-asignacion-presupuestaria-2026-frente-a-los-mapas-de-pobreza-municipal","status":"publish","type":"post","link":"https:\/\/ces.gob.gt\/index.php\/2026\/03\/20\/asamblea-ordinaria-no-3-2026-del-ces-guatemala-abordo-la-asignacion-presupuestaria-2026-frente-a-los-mapas-de-pobreza-municipal\/","title":{"rendered":"An\u00e1lisis de la distribuci\u00f3n y asignaci\u00f3n presupuestaria 2026 para \u00e1reas con mayores \u00edndices de pobreza en el pa\u00eds (Asignaci\u00f3n Presupuestaria vs. Mapas de Pobreza Municipal)"},"content":{"rendered":"\t\t<div data-elementor-type=\"wp-post\" data-elementor-id=\"16748\" class=\"elementor elementor-16748\" data-elementor-post-type=\"post\">\n\t\t\t\t<div class=\"elementor-element elementor-element-848c7e9 e-flex e-con-boxed e-con e-parent\" data-id=\"848c7e9\" data-element_type=\"container\">\n\t\t\t\t\t<div class=\"e-con-inner\">\n\t\t\t\t<div class=\"elementor-element elementor-element-ca3fea6 elementor-widget elementor-widget-text-editor\" data-id=\"ca3fea6\" data-element_type=\"widget\" data-widget_type=\"text-editor.default\">\n\t\t\t\t<div class=\"elementor-widget-container\">\n\t\t\t\t\t\t\t\t\t<h4 data-section-id=\"pv6eay\" data-start=\"226\" data-end=\"255\">Tema central de la jornada<\/h4><p data-start=\"257\" data-end=\"566\">El Consejo Econ\u00f3mico y Social de Guatemala realiz\u00f3 la Asamblea Ordinaria No. 3-2026, en la que se desarroll\u00f3 como tema central el <strong data-start=\"387\" data-end=\"565\">\u201cAn\u00e1lisis de la distribuci\u00f3n y asignaci\u00f3n presupuestaria 2026 para \u00e1reas con mayores \u00edndices de pobreza en el pa\u00eds (Asignaci\u00f3n Presupuestaria vs. Mapas de Pobreza Municipal)\u201d<\/strong>.<\/p><h4 data-section-id=\"10kbcn5\" data-start=\"568\" data-end=\"613\">Exposici\u00f3n t\u00e9cnica a cargo del facilitador<\/h4><p data-start=\"615\" data-end=\"926\">La jornada cont\u00f3 con la facilitaci\u00f3n del <strong data-start=\"656\" data-end=\"680\">Ing. Jorge Lavarreda<\/strong>, quien present\u00f3 un ejercicio t\u00e9cnico orientado a contrastar la asignaci\u00f3n del gasto p\u00fablico con los indicadores municipales de pobreza, a partir de informaci\u00f3n del gobierno central, gobiernos municipales y entidades descentralizadas y aut\u00f3nomas.<\/p><h4 data-section-id=\"1ueoz9\" data-start=\"928\" data-end=\"988\">Continuidad al an\u00e1lisis sobre pobreza e inversi\u00f3n p\u00fablica<\/h4><p data-start=\"990\" data-end=\"1438\">Durante la exposici\u00f3n se record\u00f3 que este an\u00e1lisis da continuidad al seguimiento que el CES ha dado a temas vinculados con condiciones de vida, mapas de pobreza y finanzas e inversi\u00f3n p\u00fablica. En ese marco, se explic\u00f3 que los mapas municipales de pobreza elaborados por <strong data-start=\"1260\" data-end=\"1272\">SEGEPLAN<\/strong> combinan resultados de la <strong data-start=\"1299\" data-end=\"1314\">ENCOVI 2023<\/strong> y del <strong data-start=\"1321\" data-end=\"1360\">Censo Nacional de Poblaci\u00f3n de 2018<\/strong>, lo que permite observar con mayor detalle la situaci\u00f3n territorial del pa\u00eds.<\/p><h4 data-section-id=\"182ee3p\" data-start=\"1440\" data-end=\"1492\">Principales datos sobre pobreza a nivel municipal<\/h4><p data-start=\"1494\" data-end=\"1792\">Entre los datos presentados, se destac\u00f3 que la incidencia de pobreza general a nivel municipal oscila entre <strong data-start=\"1602\" data-end=\"1619\">14.1% y 99.4%<\/strong>, y que <strong data-start=\"1627\" data-end=\"1645\">172 municipios<\/strong> se ubican por encima del promedio nacional de <strong data-start=\"1692\" data-end=\"1701\">56.2%<\/strong>. Asimismo, se se\u00f1al\u00f3 que la pobreza extrema mantiene una referencia nacional de <strong data-start=\"1782\" data-end=\"1791\">16.2%<\/strong>.<\/p><h4 data-section-id=\"uwwcys\" data-start=\"1794\" data-end=\"1854\">Resultados del an\u00e1lisis de asignaci\u00f3n presupuestaria 2026<\/h4><p data-start=\"1856\" data-end=\"2228\">En el an\u00e1lisis del gasto p\u00fablico asignado para 2026, se expuso que <strong data-start=\"1923\" data-end=\"1941\">259 municipios<\/strong>, equivalentes al <strong data-start=\"1959\" data-end=\"1999\">76.2% de los 340 municipios del pa\u00eds<\/strong>, registran una asignaci\u00f3n per c\u00e1pita inferior al promedio nacional de <strong data-start=\"2070\" data-end=\"2080\">Q5,343<\/strong>. Tambi\u00e9n se indic\u00f3 que, en los <strong data-start=\"2112\" data-end=\"2169\">30 municipios con mayor incidencia de pobreza general<\/strong>, el gasto promedio asignado alcanza <strong data-start=\"2206\" data-end=\"2227\">Q2,975 per c\u00e1pita<\/strong>.<\/p><p data-start=\"2230\" data-end=\"2501\">Para otros grupos de alta privaci\u00f3n, el promedio reportado fue de <strong data-start=\"2296\" data-end=\"2306\">Q3,034<\/strong> en municipios con mayor brecha de pobreza, <strong data-start=\"2350\" data-end=\"2360\">Q3,419<\/strong> en los de mayor severidad, <strong data-start=\"2388\" data-end=\"2398\">Q3,317<\/strong> en los de mayor incidencia de pobreza extrema y <strong data-start=\"2447\" data-end=\"2457\">Q2,928<\/strong> en los de menor consumo mensual per c\u00e1pita.<\/p><h4 data-section-id=\"ntolju\" data-start=\"2503\" data-end=\"2555\">Comparativos territoriales de inversi\u00f3n y pobreza<\/h4><p data-start=\"2557\" data-end=\"2849\">La presentaci\u00f3n tambi\u00e9n mostr\u00f3 comparativos territoriales entre municipios con mayor inversi\u00f3n vigente y ejecutada frente a los <strong data-start=\"2685\" data-end=\"2749\">24 municipios con incidencia de pobreza igual o mayor al 90%<\/strong>, con el objetivo de visualizar la correspondencia entre inversi\u00f3n p\u00fablica y condiciones de pobreza.<\/p><h4 data-section-id=\"p94rqv\" data-start=\"2851\" data-end=\"2906\">Espacio para el di\u00e1logo social y el an\u00e1lisis t\u00e9cnico<\/h4><p data-start=\"2908\" data-end=\"3112\">Con este tipo de espacios, el CES Guatemala contin\u00faa fortaleciendo el di\u00e1logo social y el an\u00e1lisis t\u00e9cnico sobre temas de inter\u00e9s nacional vinculados con pol\u00edticas p\u00fablicas de car\u00e1cter econ\u00f3mico y social.<\/p><p data-start=\"3114\" data-end=\"3225\" data-is-last-node=\"\" data-is-only-node=\"\">Tambi\u00e9n puede funcionar mejor una versi\u00f3n con subt\u00edtulos m\u00e1s period\u00edsticos y atractivos para web institucional.<\/p>\t\t\t\t\t\t\t\t<\/div>\n\t\t\t\t<\/div>\n\t\t\t\t\t<\/div>\n\t\t\t\t<\/div>\n\t\t<div class=\"elementor-element elementor-element-ead25b0 e-flex e-con-boxed e-con e-parent\" data-id=\"ead25b0\" data-element_type=\"container\">\n\t\t\t\t\t<div class=\"e-con-inner\">\n\t\t\t\t<div class=\"elementor-element elementor-element-dd40fd5 gallery-spacing-custom elementor-widget elementor-widget-image-gallery\" data-id=\"dd40fd5\" data-element_type=\"widget\" data-widget_type=\"image-gallery.default\">\n\t\t\t\t<div class=\"elementor-widget-container\">\n\t\t\t\t\t\t\t<div class=\"elementor-image-gallery\">\n\t\t\t\n<a data-elementor-open-lightbox=\"yes\" data-elementor-lightbox-slideshow=\"dd40fd5\" data-elementor-lightbox-title=\"IMG_8712\" data-e-action-hash=\"#elementor-action%3Aaction%3Dlightbox%26settings%3DeyJpZCI6MTY3NTQsInVybCI6Imh0dHBzOlwvXC9jZXMuZ29iLmd0XC93cC1jb250ZW50XC91cGxvYWRzXC8yMDI2XC8wM1wvSU1HXzg3MTIuanBnIiwic2xpZGVzaG93IjoiZGQ0MGZkNSJ9\" href='https:\/\/ces.gob.gt\/wp-content\/uploads\/2026\/03\/IMG_8712.jpg'><img fetchpriority=\"high\" decoding=\"async\" width=\"300\" height=\"200\" src=\"https:\/\/ces.gob.gt\/wp-content\/uploads\/2026\/03\/IMG_8712-300x200.jpg\" class=\"attachment-medium size-medium\" alt=\"\" srcset=\"https:\/\/ces.gob.gt\/wp-content\/uploads\/2026\/03\/IMG_8712-300x200.jpg 300w, https:\/\/ces.gob.gt\/wp-content\/uploads\/2026\/03\/IMG_8712-1024x683.jpg 1024w, https:\/\/ces.gob.gt\/wp-content\/uploads\/2026\/03\/IMG_8712-768x512.jpg 768w, https:\/\/ces.gob.gt\/wp-content\/uploads\/2026\/03\/IMG_8712-1536x1024.jpg 1536w, https:\/\/ces.gob.gt\/wp-content\/uploads\/2026\/03\/IMG_8712-2048x1365.jpg 2048w\" sizes=\"(max-width: 300px) 100vw, 300px\" \/><\/a>\n<a data-elementor-open-lightbox=\"yes\" data-elementor-lightbox-slideshow=\"dd40fd5\" data-elementor-lightbox-title=\"IMG_8717\" data-e-action-hash=\"#elementor-action%3Aaction%3Dlightbox%26settings%3DeyJpZCI6MTY3NTUsInVybCI6Imh0dHBzOlwvXC9jZXMuZ29iLmd0XC93cC1jb250ZW50XC91cGxvYWRzXC8yMDI2XC8wM1wvSU1HXzg3MTcuanBnIiwic2xpZGVzaG93IjoiZGQ0MGZkNSJ9\" href='https:\/\/ces.gob.gt\/wp-content\/uploads\/2026\/03\/IMG_8717.jpg'><img decoding=\"async\" width=\"300\" height=\"200\" src=\"https:\/\/ces.gob.gt\/wp-content\/uploads\/2026\/03\/IMG_8717-300x200.jpg\" class=\"attachment-medium size-medium\" alt=\"\" srcset=\"https:\/\/ces.gob.gt\/wp-content\/uploads\/2026\/03\/IMG_8717-300x200.jpg 300w, https:\/\/ces.gob.gt\/wp-content\/uploads\/2026\/03\/IMG_8717-1024x683.jpg 1024w, https:\/\/ces.gob.gt\/wp-content\/uploads\/2026\/03\/IMG_8717-768x512.jpg 768w, https:\/\/ces.gob.gt\/wp-content\/uploads\/2026\/03\/IMG_8717-1536x1024.jpg 1536w, https:\/\/ces.gob.gt\/wp-content\/uploads\/2026\/03\/IMG_8717-2048x1365.jpg 2048w\" sizes=\"(max-width: 300px) 100vw, 300px\" \/><\/a>\n<a data-elementor-open-lightbox=\"yes\" data-elementor-lightbox-slideshow=\"dd40fd5\" data-elementor-lightbox-title=\"IMG_8730\" data-e-action-hash=\"#elementor-action%3Aaction%3Dlightbox%26settings%3DeyJpZCI6MTY3NTYsInVybCI6Imh0dHBzOlwvXC9jZXMuZ29iLmd0XC93cC1jb250ZW50XC91cGxvYWRzXC8yMDI2XC8wM1wvSU1HXzg3MzAuanBnIiwic2xpZGVzaG93IjoiZGQ0MGZkNSJ9\" href='https:\/\/ces.gob.gt\/wp-content\/uploads\/2026\/03\/IMG_8730.jpg'><img decoding=\"async\" width=\"300\" height=\"200\" src=\"https:\/\/ces.gob.gt\/wp-content\/uploads\/2026\/03\/IMG_8730-300x200.jpg\" class=\"attachment-medium size-medium\" alt=\"\" srcset=\"https:\/\/ces.gob.gt\/wp-content\/uploads\/2026\/03\/IMG_8730-300x200.jpg 300w, https:\/\/ces.gob.gt\/wp-content\/uploads\/2026\/03\/IMG_8730-1024x683.jpg 1024w, https:\/\/ces.gob.gt\/wp-content\/uploads\/2026\/03\/IMG_8730-768x512.jpg 768w, https:\/\/ces.gob.gt\/wp-content\/uploads\/2026\/03\/IMG_8730-1536x1024.jpg 1536w, https:\/\/ces.gob.gt\/wp-content\/uploads\/2026\/03\/IMG_8730-2048x1365.jpg 2048w\" sizes=\"(max-width: 300px) 100vw, 300px\" \/><\/a>\n<a data-elementor-open-lightbox=\"yes\" data-elementor-lightbox-slideshow=\"dd40fd5\" data-elementor-lightbox-title=\"IMG_8736\" data-e-action-hash=\"#elementor-action%3Aaction%3Dlightbox%26settings%3DeyJpZCI6MTY3NTcsInVybCI6Imh0dHBzOlwvXC9jZXMuZ29iLmd0XC93cC1jb250ZW50XC91cGxvYWRzXC8yMDI2XC8wM1wvSU1HXzg3MzYuanBnIiwic2xpZGVzaG93IjoiZGQ0MGZkNSJ9\" href='https:\/\/ces.gob.gt\/wp-content\/uploads\/2026\/03\/IMG_8736.jpg'><img loading=\"lazy\" decoding=\"async\" width=\"300\" height=\"200\" src=\"https:\/\/ces.gob.gt\/wp-content\/uploads\/2026\/03\/IMG_8736-300x200.jpg\" class=\"attachment-medium size-medium\" alt=\"\" srcset=\"https:\/\/ces.gob.gt\/wp-content\/uploads\/2026\/03\/IMG_8736-300x200.jpg 300w, https:\/\/ces.gob.gt\/wp-content\/uploads\/2026\/03\/IMG_8736-1024x683.jpg 1024w, https:\/\/ces.gob.gt\/wp-content\/uploads\/2026\/03\/IMG_8736-768x512.jpg 768w, https:\/\/ces.gob.gt\/wp-content\/uploads\/2026\/03\/IMG_8736-1536x1024.jpg 1536w, https:\/\/ces.gob.gt\/wp-content\/uploads\/2026\/03\/IMG_8736-2048x1365.jpg 2048w\" sizes=\"(max-width: 300px) 100vw, 300px\" \/><\/a>\n<a data-elementor-open-lightbox=\"yes\" data-elementor-lightbox-slideshow=\"dd40fd5\" data-elementor-lightbox-title=\"IMG_8757\" data-e-action-hash=\"#elementor-action%3Aaction%3Dlightbox%26settings%3DeyJpZCI6MTY3NTgsInVybCI6Imh0dHBzOlwvXC9jZXMuZ29iLmd0XC93cC1jb250ZW50XC91cGxvYWRzXC8yMDI2XC8wM1wvSU1HXzg3NTcuanBnIiwic2xpZGVzaG93IjoiZGQ0MGZkNSJ9\" href='https:\/\/ces.gob.gt\/wp-content\/uploads\/2026\/03\/IMG_8757.jpg'><img loading=\"lazy\" decoding=\"async\" width=\"300\" height=\"200\" src=\"https:\/\/ces.gob.gt\/wp-content\/uploads\/2026\/03\/IMG_8757-300x200.jpg\" class=\"attachment-medium size-medium\" alt=\"\" srcset=\"https:\/\/ces.gob.gt\/wp-content\/uploads\/2026\/03\/IMG_8757-300x200.jpg 300w, https:\/\/ces.gob.gt\/wp-content\/uploads\/2026\/03\/IMG_8757-1024x683.jpg 1024w, https:\/\/ces.gob.gt\/wp-content\/uploads\/2026\/03\/IMG_8757-768x512.jpg 768w, https:\/\/ces.gob.gt\/wp-content\/uploads\/2026\/03\/IMG_8757-1536x1024.jpg 1536w, https:\/\/ces.gob.gt\/wp-content\/uploads\/2026\/03\/IMG_8757-2048x1365.jpg 2048w\" sizes=\"(max-width: 300px) 100vw, 300px\" \/><\/a>\n<a data-elementor-open-lightbox=\"yes\" data-elementor-lightbox-slideshow=\"dd40fd5\" data-elementor-lightbox-title=\"IMG_8759\" data-e-action-hash=\"#elementor-action%3Aaction%3Dlightbox%26settings%3DeyJpZCI6MTY3NTksInVybCI6Imh0dHBzOlwvXC9jZXMuZ29iLmd0XC93cC1jb250ZW50XC91cGxvYWRzXC8yMDI2XC8wM1wvSU1HXzg3NTkuanBnIiwic2xpZGVzaG93IjoiZGQ0MGZkNSJ9\" href='https:\/\/ces.gob.gt\/wp-content\/uploads\/2026\/03\/IMG_8759.jpg'><img loading=\"lazy\" decoding=\"async\" width=\"300\" height=\"200\" src=\"https:\/\/ces.gob.gt\/wp-content\/uploads\/2026\/03\/IMG_8759-300x200.jpg\" class=\"attachment-medium size-medium\" alt=\"\" srcset=\"https:\/\/ces.gob.gt\/wp-content\/uploads\/2026\/03\/IMG_8759-300x200.jpg 300w, https:\/\/ces.gob.gt\/wp-content\/uploads\/2026\/03\/IMG_8759-1024x683.jpg 1024w, https:\/\/ces.gob.gt\/wp-content\/uploads\/2026\/03\/IMG_8759-768x512.jpg 768w, https:\/\/ces.gob.gt\/wp-content\/uploads\/2026\/03\/IMG_8759-1536x1024.jpg 1536w, https:\/\/ces.gob.gt\/wp-content\/uploads\/2026\/03\/IMG_8759-2048x1365.jpg 2048w\" sizes=\"(max-width: 300px) 100vw, 300px\" \/><\/a>\n<a data-elementor-open-lightbox=\"yes\" data-elementor-lightbox-slideshow=\"dd40fd5\" data-elementor-lightbox-title=\"IMG_8761\" data-e-action-hash=\"#elementor-action%3Aaction%3Dlightbox%26settings%3DeyJpZCI6MTY3NjAsInVybCI6Imh0dHBzOlwvXC9jZXMuZ29iLmd0XC93cC1jb250ZW50XC91cGxvYWRzXC8yMDI2XC8wM1wvSU1HXzg3NjEuanBnIiwic2xpZGVzaG93IjoiZGQ0MGZkNSJ9\" href='https:\/\/ces.gob.gt\/wp-content\/uploads\/2026\/03\/IMG_8761.jpg'><img loading=\"lazy\" decoding=\"async\" width=\"300\" height=\"200\" src=\"https:\/\/ces.gob.gt\/wp-content\/uploads\/2026\/03\/IMG_8761-300x200.jpg\" class=\"attachment-medium size-medium\" alt=\"\" srcset=\"https:\/\/ces.gob.gt\/wp-content\/uploads\/2026\/03\/IMG_8761-300x200.jpg 300w, https:\/\/ces.gob.gt\/wp-content\/uploads\/2026\/03\/IMG_8761-1024x683.jpg 1024w, https:\/\/ces.gob.gt\/wp-content\/uploads\/2026\/03\/IMG_8761-768x512.jpg 768w, https:\/\/ces.gob.gt\/wp-content\/uploads\/2026\/03\/IMG_8761-1536x1024.jpg 1536w, https:\/\/ces.gob.gt\/wp-content\/uploads\/2026\/03\/IMG_8761-2048x1365.jpg 2048w\" sizes=\"(max-width: 300px) 100vw, 300px\" \/><\/a>\n<a data-elementor-open-lightbox=\"yes\" data-elementor-lightbox-slideshow=\"dd40fd5\" data-elementor-lightbox-title=\"IMG_8764\" data-e-action-hash=\"#elementor-action%3Aaction%3Dlightbox%26settings%3DeyJpZCI6MTY3NjEsInVybCI6Imh0dHBzOlwvXC9jZXMuZ29iLmd0XC93cC1jb250ZW50XC91cGxvYWRzXC8yMDI2XC8wM1wvSU1HXzg3NjQuanBnIiwic2xpZGVzaG93IjoiZGQ0MGZkNSJ9\" href='https:\/\/ces.gob.gt\/wp-content\/uploads\/2026\/03\/IMG_8764.jpg'><img loading=\"lazy\" decoding=\"async\" width=\"300\" height=\"200\" src=\"https:\/\/ces.gob.gt\/wp-content\/uploads\/2026\/03\/IMG_8764-300x200.jpg\" class=\"attachment-medium size-medium\" alt=\"\" srcset=\"https:\/\/ces.gob.gt\/wp-content\/uploads\/2026\/03\/IMG_8764-300x200.jpg 300w, https:\/\/ces.gob.gt\/wp-content\/uploads\/2026\/03\/IMG_8764-1024x683.jpg 1024w, https:\/\/ces.gob.gt\/wp-content\/uploads\/2026\/03\/IMG_8764-768x512.jpg 768w, https:\/\/ces.gob.gt\/wp-content\/uploads\/2026\/03\/IMG_8764-1536x1024.jpg 1536w, https:\/\/ces.gob.gt\/wp-content\/uploads\/2026\/03\/IMG_8764-2048x1365.jpg 2048w\" sizes=\"(max-width: 300px) 100vw, 300px\" \/><\/a>\n<a data-elementor-open-lightbox=\"yes\" data-elementor-lightbox-slideshow=\"dd40fd5\" data-elementor-lightbox-title=\"IMG_8773\" data-e-action-hash=\"#elementor-action%3Aaction%3Dlightbox%26settings%3DeyJpZCI6MTY3NjIsInVybCI6Imh0dHBzOlwvXC9jZXMuZ29iLmd0XC93cC1jb250ZW50XC91cGxvYWRzXC8yMDI2XC8wM1wvSU1HXzg3NzMuanBnIiwic2xpZGVzaG93IjoiZGQ0MGZkNSJ9\" href='https:\/\/ces.gob.gt\/wp-content\/uploads\/2026\/03\/IMG_8773.jpg'><img loading=\"lazy\" decoding=\"async\" width=\"300\" height=\"200\" src=\"https:\/\/ces.gob.gt\/wp-content\/uploads\/2026\/03\/IMG_8773-300x200.jpg\" class=\"attachment-medium size-medium\" alt=\"\" srcset=\"https:\/\/ces.gob.gt\/wp-content\/uploads\/2026\/03\/IMG_8773-300x200.jpg 300w, https:\/\/ces.gob.gt\/wp-content\/uploads\/2026\/03\/IMG_8773-1024x683.jpg 1024w, https:\/\/ces.gob.gt\/wp-content\/uploads\/2026\/03\/IMG_8773-768x512.jpg 768w, https:\/\/ces.gob.gt\/wp-content\/uploads\/2026\/03\/IMG_8773-1536x1024.jpg 1536w, https:\/\/ces.gob.gt\/wp-content\/uploads\/2026\/03\/IMG_8773-2048x1365.jpg 2048w\" sizes=\"(max-width: 300px) 100vw, 300px\" \/><\/a>\n<a data-elementor-open-lightbox=\"yes\" data-elementor-lightbox-slideshow=\"dd40fd5\" data-elementor-lightbox-title=\"IMG_8778\" data-e-action-hash=\"#elementor-action%3Aaction%3Dlightbox%26settings%3DeyJpZCI6MTY3NjMsInVybCI6Imh0dHBzOlwvXC9jZXMuZ29iLmd0XC93cC1jb250ZW50XC91cGxvYWRzXC8yMDI2XC8wM1wvSU1HXzg3NzguanBnIiwic2xpZGVzaG93IjoiZGQ0MGZkNSJ9\" href='https:\/\/ces.gob.gt\/wp-content\/uploads\/2026\/03\/IMG_8778.jpg'><img loading=\"lazy\" decoding=\"async\" width=\"300\" height=\"200\" src=\"https:\/\/ces.gob.gt\/wp-content\/uploads\/2026\/03\/IMG_8778-300x200.jpg\" class=\"attachment-medium size-medium\" alt=\"\" srcset=\"https:\/\/ces.gob.gt\/wp-content\/uploads\/2026\/03\/IMG_8778-300x200.jpg 300w, https:\/\/ces.gob.gt\/wp-content\/uploads\/2026\/03\/IMG_8778-1024x683.jpg 1024w, https:\/\/ces.gob.gt\/wp-content\/uploads\/2026\/03\/IMG_8778-768x512.jpg 768w, https:\/\/ces.gob.gt\/wp-content\/uploads\/2026\/03\/IMG_8778-1536x1024.jpg 1536w, https:\/\/ces.gob.gt\/wp-content\/uploads\/2026\/03\/IMG_8778-2048x1365.jpg 2048w\" sizes=\"(max-width: 300px) 100vw, 300px\" \/><\/a>\n\t\t<\/div>\n\t\t\t\t\t\t<\/div>\n\t\t\t\t<\/div>\n\t\t\t\t\t<\/div>\n\t\t\t\t<\/div>\n\t\t\t\t<\/div>\n\t\t","protected":false},"excerpt":{"rendered":"<p>La Asamblea Ordinaria No. 3-2026 del CES Guatemala abord\u00f3 el an\u00e1lisis de la asignaci\u00f3n presupuestaria 2026 en contraste con los mapas de pobreza municipal. La exposici\u00f3n, facilitada por el Ing. Jorge Lavarreda, present\u00f3 datos sobre pobreza, gasto p\u00fablico per c\u00e1pita y comparativos territoriales para examinar la distribuci\u00f3n presupuestaria en municipios con mayores niveles de pobreza.<\/p>\n","protected":false},"author":4,"featured_media":16749,"comment_status":"closed","ping_status":"open","sticky":false,"template":"","format":"standard","meta":{"footnotes":""},"categories":[164],"tags":[],"class_list":["post-16748","post","type-post","status-publish","format-standard","has-post-thumbnail","hentry","category-asambleas-2026"],"_links":{"self":[{"href":"https:\/\/ces.gob.gt\/index.php\/wp-json\/wp\/v2\/posts\/16748","targetHints":{"allow":["GET"]}}],"collection":[{"href":"https:\/\/ces.gob.gt\/index.php\/wp-json\/wp\/v2\/posts"}],"about":[{"href":"https:\/\/ces.gob.gt\/index.php\/wp-json\/wp\/v2\/types\/post"}],"author":[{"embeddable":true,"href":"https:\/\/ces.gob.gt\/index.php\/wp-json\/wp\/v2\/users\/4"}],"replies":[{"embeddable":true,"href":"https:\/\/ces.gob.gt\/index.php\/wp-json\/wp\/v2\/comments?post=16748"}],"version-history":[{"count":12,"href":"https:\/\/ces.gob.gt\/index.php\/wp-json\/wp\/v2\/posts\/16748\/revisions"}],"predecessor-version":[{"id":17041,"href":"https:\/\/ces.gob.gt\/index.php\/wp-json\/wp\/v2\/posts\/16748\/revisions\/17041"}],"wp:featuredmedia":[{"embeddable":true,"href":"https:\/\/ces.gob.gt\/index.php\/wp-json\/wp\/v2\/media\/16749"}],"wp:attachment":[{"href":"https:\/\/ces.gob.gt\/index.php\/wp-json\/wp\/v2\/media?parent=16748"}],"wp:term":[{"taxonomy":"category","embeddable":true,"href":"https:\/\/ces.gob.gt\/index.php\/wp-json\/wp\/v2\/categories?post=16748"},{"taxonomy":"post_tag","embeddable":true,"href":"https:\/\/ces.gob.gt\/index.php\/wp-json\/wp\/v2\/tags?post=16748"}],"curies":[{"name":"wp","href":"https:\/\/api.w.org\/{rel}","templated":true}]}}