{"id":18694,"date":"2026-09-01T20:05:03","date_gmt":"2026-09-01T18:05:03","guid":{"rendered":"https:\/\/ces.gob.gt\/?p=18694"},"modified":"2026-09-01T22:14:24","modified_gmt":"2026-09-01T20:14:24","slug":"informe-de-gestion-de-medio-termino-periodo-2022-2025-del-plan-estrategico-institucional-2022-2030-tablero-de-visualizacion-de-alcance-y-resultados-del-plan-de-reactivacion-economica-y-social-2","status":"publish","type":"post","link":"https:\/\/ces.gob.gt\/index.php\/2026\/09\/01\/informe-de-gestion-de-medio-termino-periodo-2022-2025-del-plan-estrategico-institucional-2022-2030-tablero-de-visualizacion-de-alcance-y-resultados-del-plan-de-reactivacion-economica-y-social-2\/","title":{"rendered":"Vulnerabilidades Socioambientales, el fen\u00f3meno de El S\u00faper Ni\u00f1o 2026-2027. Implicaciones meteorol\u00f3gicas, agroalimentarias, socioecon\u00f3micas y sanitarias, y la oportunidad de respuesta a trav\u00e9s de pol\u00edticas p\u00fablicas."},"content":{"rendered":"\t\t<div data-elementor-type=\"wp-post\" data-elementor-id=\"18694\" class=\"elementor elementor-18694\" data-elementor-post-type=\"post\">\n\t\t\t\t<div class=\"elementor-element elementor-element-848c7e9 e-flex e-con-boxed e-con e-parent\" data-id=\"848c7e9\" data-element_type=\"container\" data-e-type=\"container\">\n\t\t\t\t\t<div class=\"e-con-inner\">\n\t\t\t\t<div class=\"elementor-element elementor-element-ca3fea6 elementor-widget elementor-widget-text-editor\" data-id=\"ca3fea6\" data-element_type=\"widget\" data-e-type=\"widget\" data-widget_type=\"text-editor.default\">\n\t\t\t\t<div class=\"elementor-widget-container\">\n\t\t\t\t\t\t\t\t\t<p>De acuerdo con la programaci\u00f3n institucional, el mi\u00e9rcoles 26 de agosto se llev\u00f3 a cabo la octava Asamblea Ordinaria del CES, en la que se cont\u00f3 con los representantes consejeros de los tres sectores productivos que integran el Consejo y el equipo de la Secretar\u00eda T\u00e9cnica.<\/p><p>Es prioridad para el CES abordar, conocer, opinar e incidir en los temas que son de inter\u00e9s nacional; de ah\u00ed que en su Agenda Estrat\u00e9gica y en la propuesta del Plan de Reactivaci\u00f3n Econ\u00f3mica y Social (PRES) se haya incluido el componente sustantivo: Vulnerabilidades Socioambientales, mismo que se relaciona con otros componentes y ejes tem\u00e1ticos que el CES ha venido presentando en los \u00faltimos meses del presente a\u00f1o.<\/p><p>Por lo anterior, en la sesi\u00f3n de Asamblea se present\u00f3 por parte del Ing. Carlos Alberto Duarte, investigador, experto y analista con amplia trayectoria del Observatorio de Territorio y Clima del IARNA de la Universidad Rafael Land\u00edvar, la ponencia titulada: El Super Ni\u00f1o 2026-2027, toca a la puerta de Guatemala. Implicaciones meteorol\u00f3gicas, agroalimentarias, socioecon\u00f3micas y sanitarias, y la oportunidad de respuesta a trav\u00e9s de las pol\u00edticas p\u00fablicas.<\/p><p>Seg\u00fan el Ing. Duarte y partiendo de los datos registrados, el Fen\u00f3meno del Super Ni\u00f1o es ya un evento establecido y en intensificaci\u00f3n (desde el 11 de junio 2026, NOAA eleva el estado a Advertencia de El Ni\u00f1o), para Guatemala es escenario meteorol\u00f3gico es: suelos secos, reducci\u00f3n de caudales y menor disponibilidad h\u00eddrica general, menor recarga de acu\u00edferos. Tambi\u00e9n, can\u00edcula intensificada y prologada. Esto impactar\u00e1 en los \u00e1mbitos social y demogr\u00e1fica; econ\u00f3mica y productiva; institucional y fiscal; territorial y ambiental; y la agricultura que ser\u00e1 la primera l\u00ednea de choque.<\/p><p>Las l\u00edneas de trabajo propuestas por el IARNA-URL, indicadas por el Ing. Duarte, se sit\u00faan en: Monitoreo territorializado, acci\u00f3n anticipatoria, vigilancia reforzada, investigaci\u00f3n aplicada y comunicaci\u00f3n del riesgo.<\/p><p>Para finalizar la presentaci\u00f3n, se deja la siguiente reflexi\u00f3n: <strong>El fen\u00f3meno es ex\u00f3geno; la magnitud del desastre es end\u00f3gena.<\/strong> El pa\u00eds conoce el fen\u00f3meno y conoce sus consecuencias. El \u00abSuper Ni\u00f1o\u00bb 2026\u20132027 es tanto una amenaza de primera magnitud como la oportunidad de demostrar que la informaci\u00f3n clim\u00e1tica anticipada puede traducirse en protecci\u00f3n de vidas y medios de vida.<\/p><p>\u00a0<\/p>\t\t\t\t\t\t\t\t<\/div>\n\t\t\t\t<\/div>\n\t\t\t\t\t<\/div>\n\t\t\t\t<\/div>\n\t\t<div class=\"elementor-element elementor-element-ead25b0 e-flex e-con-boxed e-con e-parent\" data-id=\"ead25b0\" data-element_type=\"container\" data-e-type=\"container\">\n\t\t\t\t\t<div class=\"e-con-inner\">\n\t\t\t\t<div class=\"elementor-element elementor-element-dd40fd5 gallery-spacing-custom elementor-widget elementor-widget-image-gallery\" data-id=\"dd40fd5\" data-element_type=\"widget\" data-e-type=\"widget\" data-widget_type=\"image-gallery.default\">\n\t\t\t\t<div class=\"elementor-widget-container\">\n\t\t\t\t\t\t\t<div class=\"elementor-image-gallery\">\n\t\t\t<div id='gallery-1' class='gallery galleryid-18694 gallery-columns-5 gallery-size-medium'><figure class='gallery-item'>\n\t\t\t<div class='gallery-icon landscape'>\n\t\t\t\t<a data-elementor-open-lightbox=\"yes\" data-elementor-lightbox-slideshow=\"dd40fd5\" data-elementor-lightbox-title=\"asamblea agosto 4\" data-e-action-hash=\"#elementor-action%3Aaction%3Dlightbox%26settings%3DeyJpZCI6MTg2OTMsInVybCI6Imh0dHBzOlwvXC9jZXMuZ29iLmd0XC93cC1jb250ZW50XC91cGxvYWRzXC8yMDI2XC8wOVwvV2hhdHNBcHAtSW1hZ2UtMjAyNi0wOS0wMS1hdC0xMS4yMS4yNS1BTS5qcGVnIiwic2xpZGVzaG93IjoiZGQ0MGZkNSJ9\" href='https:\/\/ces.gob.gt\/wp-content\/uploads\/2026\/09\/WhatsApp-Image-2026-09-01-at-11.21.25-AM.jpeg'><img fetchpriority=\"high\" decoding=\"async\" width=\"300\" height=\"200\" src=\"https:\/\/ces.gob.gt\/wp-content\/uploads\/2026\/09\/WhatsApp-Image-2026-09-01-at-11.21.25-AM-300x200.jpeg\" class=\"attachment-medium size-medium\" alt=\"\" srcset=\"https:\/\/ces.gob.gt\/wp-content\/uploads\/2026\/09\/WhatsApp-Image-2026-09-01-at-11.21.25-AM-300x200.jpeg 300w, https:\/\/ces.gob.gt\/wp-content\/uploads\/2026\/09\/WhatsApp-Image-2026-09-01-at-11.21.25-AM-1024x682.jpeg 1024w, https:\/\/ces.gob.gt\/wp-content\/uploads\/2026\/09\/WhatsApp-Image-2026-09-01-at-11.21.25-AM-768x512.jpeg 768w, https:\/\/ces.gob.gt\/wp-content\/uploads\/2026\/09\/WhatsApp-Image-2026-09-01-at-11.21.25-AM-1536x1023.jpeg 1536w, https:\/\/ces.gob.gt\/wp-content\/uploads\/2026\/09\/WhatsApp-Image-2026-09-01-at-11.21.25-AM.jpeg 1600w\" sizes=\"(max-width: 300px) 100vw, 300px\" \/><\/a>\n\t\t\t<\/div><\/figure><figure class='gallery-item'>\n\t\t\t<div class='gallery-icon landscape'>\n\t\t\t\t<a data-elementor-open-lightbox=\"yes\" data-elementor-lightbox-slideshow=\"dd40fd5\" data-elementor-lightbox-title=\"asamblea agosto 3\" data-e-action-hash=\"#elementor-action%3Aaction%3Dlightbox%26settings%3DeyJpZCI6MTg2OTIsInVybCI6Imh0dHBzOlwvXC9jZXMuZ29iLmd0XC93cC1jb250ZW50XC91cGxvYWRzXC8yMDI2XC8wOVwvV2hhdHNBcHAtSW1hZ2UtMjAyNi0wOS0wMS1hdC0xMS4yMy4yMy1BTS5qcGVnIiwic2xpZGVzaG93IjoiZGQ0MGZkNSJ9\" href='https:\/\/ces.gob.gt\/wp-content\/uploads\/2026\/09\/WhatsApp-Image-2026-09-01-at-11.23.23-AM.jpeg'><img decoding=\"async\" width=\"300\" height=\"200\" src=\"https:\/\/ces.gob.gt\/wp-content\/uploads\/2026\/09\/WhatsApp-Image-2026-09-01-at-11.23.23-AM-300x200.jpeg\" class=\"attachment-medium size-medium\" alt=\"\" srcset=\"https:\/\/ces.gob.gt\/wp-content\/uploads\/2026\/09\/WhatsApp-Image-2026-09-01-at-11.23.23-AM-300x200.jpeg 300w, https:\/\/ces.gob.gt\/wp-content\/uploads\/2026\/09\/WhatsApp-Image-2026-09-01-at-11.23.23-AM-1024x682.jpeg 1024w, https:\/\/ces.gob.gt\/wp-content\/uploads\/2026\/09\/WhatsApp-Image-2026-09-01-at-11.23.23-AM-768x512.jpeg 768w, https:\/\/ces.gob.gt\/wp-content\/uploads\/2026\/09\/WhatsApp-Image-2026-09-01-at-11.23.23-AM-1536x1023.jpeg 1536w, https:\/\/ces.gob.gt\/wp-content\/uploads\/2026\/09\/WhatsApp-Image-2026-09-01-at-11.23.23-AM.jpeg 1600w\" sizes=\"(max-width: 300px) 100vw, 300px\" \/><\/a>\n\t\t\t<\/div><\/figure><figure class='gallery-item'>\n\t\t\t<div class='gallery-icon landscape'>\n\t\t\t\t<a data-elementor-open-lightbox=\"yes\" data-elementor-lightbox-slideshow=\"dd40fd5\" data-elementor-lightbox-title=\"asamblea agosto 2\" data-e-action-hash=\"#elementor-action%3Aaction%3Dlightbox%26settings%3DeyJpZCI6MTg2OTEsInVybCI6Imh0dHBzOlwvXC9jZXMuZ29iLmd0XC93cC1jb250ZW50XC91cGxvYWRzXC8yMDI2XC8wOVwvV2hhdHNBcHAtSW1hZ2UtMjAyNi0wOS0wMS1hdC0xMS4yNC41My1BTS5qcGVnIiwic2xpZGVzaG93IjoiZGQ0MGZkNSJ9\" href='https:\/\/ces.gob.gt\/wp-content\/uploads\/2026\/09\/WhatsApp-Image-2026-09-01-at-11.24.53-AM.jpeg'><img decoding=\"async\" width=\"300\" height=\"200\" src=\"https:\/\/ces.gob.gt\/wp-content\/uploads\/2026\/09\/WhatsApp-Image-2026-09-01-at-11.24.53-AM-300x200.jpeg\" class=\"attachment-medium size-medium\" alt=\"\" srcset=\"https:\/\/ces.gob.gt\/wp-content\/uploads\/2026\/09\/WhatsApp-Image-2026-09-01-at-11.24.53-AM-300x200.jpeg 300w, https:\/\/ces.gob.gt\/wp-content\/uploads\/2026\/09\/WhatsApp-Image-2026-09-01-at-11.24.53-AM-1024x682.jpeg 1024w, https:\/\/ces.gob.gt\/wp-content\/uploads\/2026\/09\/WhatsApp-Image-2026-09-01-at-11.24.53-AM-768x512.jpeg 768w, https:\/\/ces.gob.gt\/wp-content\/uploads\/2026\/09\/WhatsApp-Image-2026-09-01-at-11.24.53-AM-1536x1023.jpeg 1536w, https:\/\/ces.gob.gt\/wp-content\/uploads\/2026\/09\/WhatsApp-Image-2026-09-01-at-11.24.53-AM.jpeg 1600w\" sizes=\"(max-width: 300px) 100vw, 300px\" \/><\/a>\n\t\t\t<\/div><\/figure><figure class='gallery-item'>\n\t\t\t<div class='gallery-icon landscape'>\n\t\t\t\t<a data-elementor-open-lightbox=\"yes\" data-elementor-lightbox-slideshow=\"dd40fd5\" data-elementor-lightbox-title=\"asamblea agosto 1\" data-e-action-hash=\"#elementor-action%3Aaction%3Dlightbox%26settings%3DeyJpZCI6MTg2OTAsInVybCI6Imh0dHBzOlwvXC9jZXMuZ29iLmd0XC93cC1jb250ZW50XC91cGxvYWRzXC8yMDI2XC8wOVwvV2hhdHNBcHAtSW1hZ2UtMjAyNi0wOS0wMS1hdC0xMS4yOS4xNC1BTS5qcGVnIiwic2xpZGVzaG93IjoiZGQ0MGZkNSJ9\" href='https:\/\/ces.gob.gt\/wp-content\/uploads\/2026\/09\/WhatsApp-Image-2026-09-01-at-11.29.14-AM.jpeg'><img loading=\"lazy\" decoding=\"async\" width=\"300\" height=\"200\" src=\"https:\/\/ces.gob.gt\/wp-content\/uploads\/2026\/09\/WhatsApp-Image-2026-09-01-at-11.29.14-AM-300x200.jpeg\" class=\"attachment-medium size-medium\" alt=\"\" srcset=\"https:\/\/ces.gob.gt\/wp-content\/uploads\/2026\/09\/WhatsApp-Image-2026-09-01-at-11.29.14-AM-300x200.jpeg 300w, https:\/\/ces.gob.gt\/wp-content\/uploads\/2026\/09\/WhatsApp-Image-2026-09-01-at-11.29.14-AM-1024x682.jpeg 1024w, https:\/\/ces.gob.gt\/wp-content\/uploads\/2026\/09\/WhatsApp-Image-2026-09-01-at-11.29.14-AM-768x512.jpeg 768w, https:\/\/ces.gob.gt\/wp-content\/uploads\/2026\/09\/WhatsApp-Image-2026-09-01-at-11.29.14-AM-1536x1023.jpeg 1536w, https:\/\/ces.gob.gt\/wp-content\/uploads\/2026\/09\/WhatsApp-Image-2026-09-01-at-11.29.14-AM.jpeg 1600w\" sizes=\"(max-width: 300px) 100vw, 300px\" \/><\/a>\n\t\t\t<\/div><\/figure>\n\t\t<\/div>\n\t\t<\/div>\n\t\t\t\t\t\t<\/div>\n\t\t\t\t<\/div>\n\t\t\t\t\t<\/div>\n\t\t\t\t<\/div>\n\t\t\t\t<\/div>\n\t\t","protected":false},"excerpt":{"rendered":"<p>El fen\u00f3meno clim\u00e1tico es un evento externo (ex\u00f3geno), pero la magnitud del desastre depender\u00e1 de la preparaci\u00f3n y respuesta del pa\u00eds (end\u00f3gena). Se remarca la oportunidad de traducir la informaci\u00f3n clim\u00e1tica anticipada en pol\u00edticas p\u00fablicas efectivas para proteger vidas y medios de subsistencia.<\/p>\n","protected":false},"author":5,"featured_media":18689,"comment_status":"closed","ping_status":"open","sticky":false,"template":"","format":"standard","meta":{"footnotes":""},"categories":[164],"tags":[],"class_list":["post-18694","post","type-post","status-publish","format-standard","has-post-thumbnail","hentry","category-asambleas-2026"],"_links":{"self":[{"href":"https:\/\/ces.gob.gt\/index.php\/wp-json\/wp\/v2\/posts\/18694","targetHints":{"allow":["GET"]}}],"collection":[{"href":"https:\/\/ces.gob.gt\/index.php\/wp-json\/wp\/v2\/posts"}],"about":[{"href":"https:\/\/ces.gob.gt\/index.php\/wp-json\/wp\/v2\/types\/post"}],"author":[{"embeddable":true,"href":"https:\/\/ces.gob.gt\/index.php\/wp-json\/wp\/v2\/users\/5"}],"replies":[{"embeddable":true,"href":"https:\/\/ces.gob.gt\/index.php\/wp-json\/wp\/v2\/comments?post=18694"}],"version-history":[{"count":6,"href":"https:\/\/ces.gob.gt\/index.php\/wp-json\/wp\/v2\/posts\/18694\/revisions"}],"predecessor-version":[{"id":18700,"href":"https:\/\/ces.gob.gt\/index.php\/wp-json\/wp\/v2\/posts\/18694\/revisions\/18700"}],"wp:featuredmedia":[{"embeddable":true,"href":"https:\/\/ces.gob.gt\/index.php\/wp-json\/wp\/v2\/media\/18689"}],"wp:attachment":[{"href":"https:\/\/ces.gob.gt\/index.php\/wp-json\/wp\/v2\/media?parent=18694"}],"wp:term":[{"taxonomy":"category","embeddable":true,"href":"https:\/\/ces.gob.gt\/index.php\/wp-json\/wp\/v2\/categories?post=18694"},{"taxonomy":"post_tag","embeddable":true,"href":"https:\/\/ces.gob.gt\/index.php\/wp-json\/wp\/v2\/tags?post=18694"}],"curies":[{"name":"wp","href":"https:\/\/api.w.org\/{rel}","templated":true}]}}