{"id":18714,"date":"2026-09-01T22:45:59","date_gmt":"2026-09-01T20:45:59","guid":{"rendered":"https:\/\/ces.gob.gt\/?p=18714"},"modified":"2026-09-01T22:57:13","modified_gmt":"2026-09-01T20:57:13","slug":"conversatorio-virtual-acceso-de-las-mujeres-a-oportunidades-de-desarrollo-educacion-bono-demografico-planificacion-y-desnutricion","status":"publish","type":"post","link":"https:\/\/ces.gob.gt\/index.php\/2026\/09\/01\/conversatorio-virtual-acceso-de-las-mujeres-a-oportunidades-de-desarrollo-educacion-bono-demografico-planificacion-y-desnutricion\/","title":{"rendered":"Conversatorio virtual; acceso de las mujeres a oportunidades de desarrollo, educaci\u00f3n, bono demogr\u00e1fico, planificaci\u00f3n y desnutrici\u00f3n."},"content":{"rendered":"<p>Di\u00e1logo Social en Am\u00e9rica Latina y el Caribe: Red de Consejos Econ\u00f3micos Debate Brecha de G\u00e9nero, Migraci\u00f3n y Educaci\u00f3n<br \/>\nEn un conversatorio de alto nivel convocado por la Presidencia del Consejo Econ\u00f3mico y Social de Guatemala (CES), representantes de la Red CESISALC se reunieron para debatir los desaf\u00edos estructurales y establecer l\u00edneas de acci\u00f3n prioritarias en equidad de g\u00e9nero, mercado laboral y transformaci\u00f3n educativa ante la Cuarta Revoluci\u00f3n Industrial.<br \/>\nDurante el encuentro, se coincidi\u00f3 en que el crecimiento econ\u00f3mico por s\u00ed solo no garantiza desarrollo si no se reducen dr\u00e1sticamente la informalidad laboral y las brechas sociales.<br \/>\n&#8220;Las pol\u00edticas p\u00fablicas tradicionales no pueden seguir ancladas a los defectos del presente ni a modelos del siglo pasado; necesitamos anticiparnos a escenarios futuros y fortalecer el capital humano con visi\u00f3n al 2050.&#8221; \u2014 Destac\u00f3 la representaci\u00f3n del CES Guatemala.<\/p>\n<p>LO M\u00c1S DESTACADO DE LA REUNI\u00d3N<\/p>\n<p>1. Autonom\u00eda Econ\u00f3mica de la Mujer y Sistemas de Cuidado<br \/>\n\u2022 La paradoja educativa vs. laboral: En pa\u00edses como Curazao y Rep\u00fablica Dominicana, las mujeres superan a los hombres en matr\u00edcula y graduaci\u00f3n universitaria (representando hasta el 61% en educaci\u00f3n superior), pero siguen sufriendo menor participaci\u00f3n laboral, menor presencia en puestos de liderazgo y brechas salariales de hasta el 20%.<br \/>\n\u2022 Trabajo no remunerado: Las mujeres dedican en promedio 1.5 horas diarias m\u00e1s que los hombres al trabajo dom\u00e9stico y de cuidado. Los delegados plantearon formalizar y certificar los Sistemas Nacionales de Cuidado para garantizar la autonom\u00eda econ\u00f3mica femenina.<br \/>\n2. Educaci\u00f3n 4.0 e Infancia: Primero la Nutrici\u00f3n, luego la Tecnolog\u00eda<br \/>\n\u2022 Atenci\u00f3n a la primera infancia: Se remarc\u00f3 que hablar de inteligencia artificial o competencias STEM resulta inviable si no se erradica primero la desnutrici\u00f3n cr\u00f3nica y aguda infantil, la cual limita la capacidad de aprendizaje.<br \/>\n\u2022 Formaci\u00f3n integral: La transformaci\u00f3n educativa debe formar ciudadanos cr\u00edticos y no solo mano de obra. Asimismo, se debati\u00f3 sobre la necesidad de revalorizar la profesi\u00f3n docente y evaluar con prudencia el uso de dispositivos en las aulas.<br \/>\n3. Cooperaci\u00f3n e Iniciativas Bilaterales Confirmadas<br \/>\n\u2022 Rep\u00fablica Dominicana y Curazao: Acordaron celebrar un encuentro bilateral enfocado en la Migraci\u00f3n Intracaribe\u00f1a, abordando la integraci\u00f3n laboral, protecci\u00f3n social y reconocimiento de competencias migratorias.<br \/>\n\u2022 Per\u00fa y la Regi\u00f3n: Per\u00fa compartir\u00e1 la metodolog\u00eda y know-how de sus Consejos Regionales de Trabajo para promover la descentralizaci\u00f3n laboral y la participaci\u00f3n paritaria de j\u00f3venes y mujeres.<br \/>\n\u2022 Redefinici\u00f3n de Remesas: Guatemala y Rep\u00fablica Dominicana plantearon la urgencia de canalizar el impacto de las remesas (que en Guatemala representan cerca del 20% del PIB) hacia inversiones productivas que generen desarrollo local sostenible ante cambios geopol\u00edticos.<\/p>\n<p>&nbsp;<\/p>\n<p>PR\u00d3XIMOS PASOS<\/p>\n<p>La Red CESISALC fij\u00f3 su pr\u00f3xima sesi\u00f3n, enfocado en dise\u00f1ar mecanismos de medici\u00f3n para que la incidencia de los consejos en la elaboraci\u00f3n de pol\u00edticas p\u00fablicas sea directa y que repercuta.<\/p>\n<div id='gallery-1' class='gallery galleryid-18714 gallery-columns-4 gallery-size-large'><figure class='gallery-item'>\n\t\t\t<div class='gallery-icon landscape'>\n\t\t\t\t<a href='https:\/\/ces.gob.gt\/wp-content\/uploads\/2026\/09\/WhatsApp-Image-2026-09-01-at-2.19.12-PM-1.jpeg'><img fetchpriority=\"high\" decoding=\"async\" width=\"640\" height=\"480\" src=\"https:\/\/ces.gob.gt\/wp-content\/uploads\/2026\/09\/WhatsApp-Image-2026-09-01-at-2.19.12-PM-1-1024x768.jpeg\" class=\"attachment-large size-large\" alt=\"\" srcset=\"https:\/\/ces.gob.gt\/wp-content\/uploads\/2026\/09\/WhatsApp-Image-2026-09-01-at-2.19.12-PM-1-1024x768.jpeg 1024w, https:\/\/ces.gob.gt\/wp-content\/uploads\/2026\/09\/WhatsApp-Image-2026-09-01-at-2.19.12-PM-1-300x225.jpeg 300w, https:\/\/ces.gob.gt\/wp-content\/uploads\/2026\/09\/WhatsApp-Image-2026-09-01-at-2.19.12-PM-1-768x576.jpeg 768w, https:\/\/ces.gob.gt\/wp-content\/uploads\/2026\/09\/WhatsApp-Image-2026-09-01-at-2.19.12-PM-1-1536x1152.jpeg 1536w, https:\/\/ces.gob.gt\/wp-content\/uploads\/2026\/09\/WhatsApp-Image-2026-09-01-at-2.19.12-PM-1.jpeg 1600w\" sizes=\"(max-width: 640px) 100vw, 640px\" \/><\/a>\n\t\t\t<\/div><\/figure><figure class='gallery-item'>\n\t\t\t<div class='gallery-icon landscape'>\n\t\t\t\t<a href='https:\/\/ces.gob.gt\/wp-content\/uploads\/2026\/09\/WhatsApp-Image-2026-09-01-at-2.19.13-PM-2.jpeg'><img decoding=\"async\" width=\"640\" height=\"327\" src=\"https:\/\/ces.gob.gt\/wp-content\/uploads\/2026\/09\/WhatsApp-Image-2026-09-01-at-2.19.13-PM-2-1024x523.jpeg\" class=\"attachment-large size-large\" alt=\"\" srcset=\"https:\/\/ces.gob.gt\/wp-content\/uploads\/2026\/09\/WhatsApp-Image-2026-09-01-at-2.19.13-PM-2-1024x523.jpeg 1024w, https:\/\/ces.gob.gt\/wp-content\/uploads\/2026\/09\/WhatsApp-Image-2026-09-01-at-2.19.13-PM-2-300x153.jpeg 300w, https:\/\/ces.gob.gt\/wp-content\/uploads\/2026\/09\/WhatsApp-Image-2026-09-01-at-2.19.13-PM-2-768x392.jpeg 768w, https:\/\/ces.gob.gt\/wp-content\/uploads\/2026\/09\/WhatsApp-Image-2026-09-01-at-2.19.13-PM-2-1536x784.jpeg 1536w, https:\/\/ces.gob.gt\/wp-content\/uploads\/2026\/09\/WhatsApp-Image-2026-09-01-at-2.19.13-PM-2.jpeg 1600w\" sizes=\"(max-width: 640px) 100vw, 640px\" \/><\/a>\n\t\t\t<\/div><\/figure><figure class='gallery-item'>\n\t\t\t<div class='gallery-icon landscape'>\n\t\t\t\t<a href='https:\/\/ces.gob.gt\/wp-content\/uploads\/2026\/09\/WhatsApp-Image-2026-09-01-at-2.19.13-PM-1.jpeg'><img decoding=\"async\" width=\"640\" height=\"361\" src=\"https:\/\/ces.gob.gt\/wp-content\/uploads\/2026\/09\/WhatsApp-Image-2026-09-01-at-2.19.13-PM-1-1024x577.jpeg\" class=\"attachment-large size-large\" alt=\"\" srcset=\"https:\/\/ces.gob.gt\/wp-content\/uploads\/2026\/09\/WhatsApp-Image-2026-09-01-at-2.19.13-PM-1-1024x577.jpeg 1024w, https:\/\/ces.gob.gt\/wp-content\/uploads\/2026\/09\/WhatsApp-Image-2026-09-01-at-2.19.13-PM-1-300x169.jpeg 300w, https:\/\/ces.gob.gt\/wp-content\/uploads\/2026\/09\/WhatsApp-Image-2026-09-01-at-2.19.13-PM-1-768x432.jpeg 768w, https:\/\/ces.gob.gt\/wp-content\/uploads\/2026\/09\/WhatsApp-Image-2026-09-01-at-2.19.13-PM-1-1536x865.jpeg 1536w, https:\/\/ces.gob.gt\/wp-content\/uploads\/2026\/09\/WhatsApp-Image-2026-09-01-at-2.19.13-PM-1.jpeg 1600w\" sizes=\"(max-width: 640px) 100vw, 640px\" \/><\/a>\n\t\t\t<\/div><\/figure><figure class='gallery-item'>\n\t\t\t<div class='gallery-icon landscape'>\n\t\t\t\t<a href='https:\/\/ces.gob.gt\/wp-content\/uploads\/2026\/09\/WhatsApp-Image-2026-09-01-at-2.19.13-PM.jpeg'><img loading=\"lazy\" decoding=\"async\" width=\"640\" height=\"450\" src=\"https:\/\/ces.gob.gt\/wp-content\/uploads\/2026\/09\/WhatsApp-Image-2026-09-01-at-2.19.13-PM-1024x720.jpeg\" class=\"attachment-large size-large\" alt=\"\" srcset=\"https:\/\/ces.gob.gt\/wp-content\/uploads\/2026\/09\/WhatsApp-Image-2026-09-01-at-2.19.13-PM-1024x720.jpeg 1024w, https:\/\/ces.gob.gt\/wp-content\/uploads\/2026\/09\/WhatsApp-Image-2026-09-01-at-2.19.13-PM-300x211.jpeg 300w, https:\/\/ces.gob.gt\/wp-content\/uploads\/2026\/09\/WhatsApp-Image-2026-09-01-at-2.19.13-PM-768x540.jpeg 768w, https:\/\/ces.gob.gt\/wp-content\/uploads\/2026\/09\/WhatsApp-Image-2026-09-01-at-2.19.13-PM.jpeg 1500w\" sizes=\"(max-width: 640px) 100vw, 640px\" \/><\/a>\n\t\t\t<\/div><\/figure>\n\t\t<\/div>\n\n","protected":false},"excerpt":{"rendered":"<p>Di\u00e1logo Social en Am\u00e9rica Latina y el Caribe: Red de Consejos Econ\u00f3micos Debate Brecha de G\u00e9nero, Migraci\u00f3n y Educaci\u00f3n En un conversatorio de alto nivel convocado por la Presidencia del Consejo Econ\u00f3mico y Social de Guatemala (CES), representantes de la Red CESISALC se reunieron para debatir los desaf\u00edos estructurales y establecer l\u00edneas de acci\u00f3n prioritarias&#8230;<\/p>\n","protected":false},"author":5,"featured_media":18704,"comment_status":"closed","ping_status":"open","sticky":false,"template":"","format":"standard","meta":{"footnotes":""},"categories":[53],"tags":[],"class_list":["post-18714","post","type-post","status-publish","format-standard","has-post-thumbnail","hentry","category-interinstitucionales"],"_links":{"self":[{"href":"https:\/\/ces.gob.gt\/index.php\/wp-json\/wp\/v2\/posts\/18714","targetHints":{"allow":["GET"]}}],"collection":[{"href":"https:\/\/ces.gob.gt\/index.php\/wp-json\/wp\/v2\/posts"}],"about":[{"href":"https:\/\/ces.gob.gt\/index.php\/wp-json\/wp\/v2\/types\/post"}],"author":[{"embeddable":true,"href":"https:\/\/ces.gob.gt\/index.php\/wp-json\/wp\/v2\/users\/5"}],"replies":[{"embeddable":true,"href":"https:\/\/ces.gob.gt\/index.php\/wp-json\/wp\/v2\/comments?post=18714"}],"version-history":[{"count":4,"href":"https:\/\/ces.gob.gt\/index.php\/wp-json\/wp\/v2\/posts\/18714\/revisions"}],"predecessor-version":[{"id":18719,"href":"https:\/\/ces.gob.gt\/index.php\/wp-json\/wp\/v2\/posts\/18714\/revisions\/18719"}],"wp:featuredmedia":[{"embeddable":true,"href":"https:\/\/ces.gob.gt\/index.php\/wp-json\/wp\/v2\/media\/18704"}],"wp:attachment":[{"href":"https:\/\/ces.gob.gt\/index.php\/wp-json\/wp\/v2\/media?parent=18714"}],"wp:term":[{"taxonomy":"category","embeddable":true,"href":"https:\/\/ces.gob.gt\/index.php\/wp-json\/wp\/v2\/categories?post=18714"},{"taxonomy":"post_tag","embeddable":true,"href":"https:\/\/ces.gob.gt\/index.php\/wp-json\/wp\/v2\/tags?post=18714"}],"curies":[{"name":"wp","href":"https:\/\/api.w.org\/{rel}","templated":true}]}}