{"id":18720,"date":"2026-09-01T23:23:10","date_gmt":"2026-09-01T21:23:10","guid":{"rendered":"https:\/\/ces.gob.gt\/?p=18720"},"modified":"2026-09-01T23:23:58","modified_gmt":"2026-09-01T21:23:58","slug":"foro-nacional-sobre-derechos-humanos-migracion-y-prevencion-de-la-tortura","status":"publish","type":"post","link":"https:\/\/ces.gob.gt\/index.php\/2026\/09\/01\/foro-nacional-sobre-derechos-humanos-migracion-y-prevencion-de-la-tortura\/","title":{"rendered":"Foro Nacional sobre Derechos Humanos, Migraci\u00f3n y Prevenci\u00f3n de la Tortura."},"content":{"rendered":"<p>Representantes de la Secretar\u00eda T\u00e9cnica del Consejo Econ\u00f3mico y Social de Guatemala (CES) participaron en el Foro Nacional de Alto Nivel titulado \u201cMigraci\u00f3n, Derechos Humanos y Prevenci\u00f3n de la Tortura: oportunidades y desaf\u00edos en Guatemala\u201d. El evento fue organizado de manera conjunta por el Consejo Nacional de Atenci\u00f3n al Migrante de Guatemala (CONAMIGUA) y la Oficina Nacional de Prevenci\u00f3n de la Tortura (OPT) \u2014Mecanismo Nacional de Prevenci\u00f3n de la Tortura de la Rep\u00fablica de Guatemala\u2014.<br \/>\nLa actividad reuni\u00f3 a una amplia diversidad de actores estrat\u00e9gicos, incluyendo delegados del gobierno, la academia, la cooperaci\u00f3n internacional y la sociedad civil, con el objetivo de unir esfuerzos en torno a la protecci\u00f3n de las personas migrantes.<\/p>\n<h2>LO M\u00c1S DESTACADO DEL ENCUENTRO<\/h2>\n<p>\u2022 Durante las jornadas se analizaron las din\u00e1micas de la movilidad humana tanto en Centroam\u00e9rica como en Guatemala, poniendo especial \u00e9nfasis en la garant\u00eda de los derechos humanos y la prevenci\u00f3n de la tortura en contextos migratorios.<br \/>\n\u2022 Se destac\u00f3 la urgencia de fortalecer la gobernanza migratoria a trav\u00e9s de una s\u00f3lida cooperaci\u00f3n interinstitucional que permita articular respuestas efectivas y con enfoque de dignidad humana.<br \/>\n\u2022 La participaci\u00f3n de la Secretar\u00eda T\u00e9cnica reafirma los compromisos del CES, vincul\u00e1ndose directamente con su Agenda Estrat\u00e9gica, la cual contempla como componente sustantivo la Pol\u00edtica de Movilidad Humana y Atenci\u00f3n al Migrante.<\/p>\n<h2>COMPROMISO INSTITUCIONAL<\/h2>\n<p>Con su presencia en este espacio multisectorial, el CES revalida su rol como plataforma de di\u00e1logo social e institucional, promoviendo el dise\u00f1o y acompa\u00f1amiento de pol\u00edticas p\u00fablicas integrales que resguarden los derechos de la poblaci\u00f3n migrante y respondan a los retos socioecon\u00f3micos de la regi\u00f3n.<\/p>\n<div id='gallery-1' class='gallery galleryid-18720 gallery-columns-3 gallery-size-large'><figure class='gallery-item'>\n\t\t\t<div class='gallery-icon landscape'>\n\t\t\t\t<a href='https:\/\/ces.gob.gt\/wp-content\/uploads\/2026\/09\/WhatsApp-Image-2026-09-01-at-3.16.43-PM-1.jpeg'><img fetchpriority=\"high\" decoding=\"async\" width=\"640\" height=\"360\" src=\"https:\/\/ces.gob.gt\/wp-content\/uploads\/2026\/09\/WhatsApp-Image-2026-09-01-at-3.16.43-PM-1-1024x576.jpeg\" class=\"attachment-large size-large\" alt=\"\" srcset=\"https:\/\/ces.gob.gt\/wp-content\/uploads\/2026\/09\/WhatsApp-Image-2026-09-01-at-3.16.43-PM-1-1024x576.jpeg 1024w, https:\/\/ces.gob.gt\/wp-content\/uploads\/2026\/09\/WhatsApp-Image-2026-09-01-at-3.16.43-PM-1-300x169.jpeg 300w, https:\/\/ces.gob.gt\/wp-content\/uploads\/2026\/09\/WhatsApp-Image-2026-09-01-at-3.16.43-PM-1-768x432.jpeg 768w, https:\/\/ces.gob.gt\/wp-content\/uploads\/2026\/09\/WhatsApp-Image-2026-09-01-at-3.16.43-PM-1.jpeg 1280w\" sizes=\"(max-width: 640px) 100vw, 640px\" \/><\/a>\n\t\t\t<\/div><\/figure><figure class='gallery-item'>\n\t\t\t<div class='gallery-icon landscape'>\n\t\t\t\t<a href='https:\/\/ces.gob.gt\/wp-content\/uploads\/2026\/09\/WhatsApp-Image-2026-09-01-at-3.16.42-PM.jpeg'><img decoding=\"async\" width=\"640\" height=\"360\" src=\"https:\/\/ces.gob.gt\/wp-content\/uploads\/2026\/09\/WhatsApp-Image-2026-09-01-at-3.16.42-PM-1024x576.jpeg\" class=\"attachment-large size-large\" alt=\"\" srcset=\"https:\/\/ces.gob.gt\/wp-content\/uploads\/2026\/09\/WhatsApp-Image-2026-09-01-at-3.16.42-PM-1024x576.jpeg 1024w, https:\/\/ces.gob.gt\/wp-content\/uploads\/2026\/09\/WhatsApp-Image-2026-09-01-at-3.16.42-PM-300x169.jpeg 300w, https:\/\/ces.gob.gt\/wp-content\/uploads\/2026\/09\/WhatsApp-Image-2026-09-01-at-3.16.42-PM-768x432.jpeg 768w, https:\/\/ces.gob.gt\/wp-content\/uploads\/2026\/09\/WhatsApp-Image-2026-09-01-at-3.16.42-PM.jpeg 1280w\" sizes=\"(max-width: 640px) 100vw, 640px\" \/><\/a>\n\t\t\t<\/div><\/figure>\n\t\t<\/div>\n\n","protected":false},"excerpt":{"rendered":"<p>Representantes de la Secretar\u00eda T\u00e9cnica del Consejo Econ\u00f3mico y Social de Guatemala (CES) participaron en el Foro Nacional de Alto Nivel titulado \u201cMigraci\u00f3n, Derechos Humanos y Prevenci\u00f3n de la Tortura: oportunidades y desaf\u00edos en Guatemala\u201d. El evento fue organizado de manera conjunta por el Consejo Nacional de Atenci\u00f3n al Migrante de Guatemala (CONAMIGUA) y la&#8230;<\/p>\n","protected":false},"author":5,"featured_media":18723,"comment_status":"closed","ping_status":"open","sticky":false,"template":"","format":"standard","meta":{"footnotes":""},"categories":[53],"tags":[],"class_list":["post-18720","post","type-post","status-publish","format-standard","has-post-thumbnail","hentry","category-interinstitucionales"],"_links":{"self":[{"href":"https:\/\/ces.gob.gt\/index.php\/wp-json\/wp\/v2\/posts\/18720","targetHints":{"allow":["GET"]}}],"collection":[{"href":"https:\/\/ces.gob.gt\/index.php\/wp-json\/wp\/v2\/posts"}],"about":[{"href":"https:\/\/ces.gob.gt\/index.php\/wp-json\/wp\/v2\/types\/post"}],"author":[{"embeddable":true,"href":"https:\/\/ces.gob.gt\/index.php\/wp-json\/wp\/v2\/users\/5"}],"replies":[{"embeddable":true,"href":"https:\/\/ces.gob.gt\/index.php\/wp-json\/wp\/v2\/comments?post=18720"}],"version-history":[{"count":2,"href":"https:\/\/ces.gob.gt\/index.php\/wp-json\/wp\/v2\/posts\/18720\/revisions"}],"predecessor-version":[{"id":18725,"href":"https:\/\/ces.gob.gt\/index.php\/wp-json\/wp\/v2\/posts\/18720\/revisions\/18725"}],"wp:featuredmedia":[{"embeddable":true,"href":"https:\/\/ces.gob.gt\/index.php\/wp-json\/wp\/v2\/media\/18723"}],"wp:attachment":[{"href":"https:\/\/ces.gob.gt\/index.php\/wp-json\/wp\/v2\/media?parent=18720"}],"wp:term":[{"taxonomy":"category","embeddable":true,"href":"https:\/\/ces.gob.gt\/index.php\/wp-json\/wp\/v2\/categories?post=18720"},{"taxonomy":"post_tag","embeddable":true,"href":"https:\/\/ces.gob.gt\/index.php\/wp-json\/wp\/v2\/tags?post=18720"}],"curies":[{"name":"wp","href":"https:\/\/api.w.org\/{rel}","templated":true}]}}