{"id":18726,"date":"2026-09-01T23:32:07","date_gmt":"2026-09-01T21:32:07","guid":{"rendered":"https:\/\/ces.gob.gt\/?p=18726"},"modified":"2026-09-01T23:40:52","modified_gmt":"2026-09-01T21:40:52","slug":"ces-guatemala-facilita-acercamiento-entre-el-ces-de-republica-dominicana-y-conamigua-en-el-marco-de-la-red-cesisalc","status":"publish","type":"post","link":"https:\/\/ces.gob.gt\/index.php\/2026\/09\/01\/ces-guatemala-facilita-acercamiento-entre-el-ces-de-republica-dominicana-y-conamigua-en-el-marco-de-la-red-cesisalc\/","title":{"rendered":"CES Guatemala Facilita Acercamiento entre el CES de Rep\u00fablica Dominicana y CONAMIGUA en el Marco de la Red CESISALC"},"content":{"rendered":"<p>En el marco del ejercicio de la Presidencia de la Red de Consejos Econ\u00f3micos y Sociales e Instituciones Similares de Am\u00e9rica Latina y el Caribe (CESISALC), el Consejo Econ\u00f3mico y Social de Guatemala (CES) facilit\u00f3 la coordinaci\u00f3n interinstitucional que propici\u00f3 un encuentro estrat\u00e9gico de trabajo entre representantes del<a href=\"https:\/\/ces.gob.do\/index.php\/component\/cesnoticias\/articulo\/conamigua-sostiene-tres-encuentros-de-trabajo-en-el-ces\/1095?Itemid=102\"> Consejo Econ\u00f3mico y Social de la Rep\u00fablica Dominicana<\/a> y del Consejo Nacional de Atenci\u00f3n al Migrante de Guatemala (CONAMIGUA).<br \/>\nGracias a esta labor de articulaci\u00f3n y facilitaci\u00f3n regional, ambas delegaciones mantuvieron mesas de trabajo bilateral para intercambiar buenas pr\u00e1cticas, analizar mecanismos vigentes de atenci\u00f3n a personas en movilidad humana e identificar oportunidades concretas de cooperaci\u00f3n.<\/p>\n<h2>PUNTOS CLAVE DEL ENCUENTRO Y LA COOPERACI\u00d3N<\/h2>\n<p>\u2022 Se compartieron buenas pr\u00e1cticas sobre modelos de asistencia, protecci\u00f3n social y mecanismos de recepci\u00f3n para la poblaci\u00f3n migrante aplicados en ambos pa\u00edses.<br \/>\n\u2022 La reuni\u00f3n permiti\u00f3 detectar prioridades comunes y trazar las bases para futuras iniciativas conjuntas de cooperaci\u00f3n interinstitucional en materia de movilidad humana.<br \/>\n\u2022 La gesti\u00f3n responde directamente a las metas establecidas en el Plan de Trabajo de la Presidencia de la Red CESISALC, reafirmando el compromiso con la agenda regional de di\u00e1logo social y desarrollo inclusivo.<\/p>\n<p>&nbsp;<\/p>\n<h2>VISI\u00d3N DE DI\u00c1LOGO SOCIAL AMPLIADO<\/h2>\n<p>Esta articulaci\u00f3n refleja el modelo de di\u00e1logo social ampliado impulsado por el CES de Guatemala bajo la Presidencia de la Red CESISALC, el cual busca no solo la deliberaci\u00f3n interna, sino la vinculaci\u00f3n efectiva con instituciones especializadas y actores clave comprometidos con la atenci\u00f3n de los desaf\u00edos sociales prioritarios de Am\u00e9rica Latina y el Caribe.<\/p>\n<div id='gallery-1' class='gallery galleryid-18726 gallery-columns-4 gallery-size-large'><figure class='gallery-item'>\n\t\t\t<div class='gallery-icon landscape'>\n\t\t\t\t<a href='https:\/\/ces.gob.gt\/wp-content\/uploads\/2026\/09\/WhatsApp-Image-2026-09-01-at-3.28.11-PM-3.jpeg'><img fetchpriority=\"high\" decoding=\"async\" width=\"640\" height=\"280\" src=\"https:\/\/ces.gob.gt\/wp-content\/uploads\/2026\/09\/WhatsApp-Image-2026-09-01-at-3.28.11-PM-3.jpeg\" class=\"attachment-large size-large\" alt=\"\" srcset=\"https:\/\/ces.gob.gt\/wp-content\/uploads\/2026\/09\/WhatsApp-Image-2026-09-01-at-3.28.11-PM-3.jpeg 972w, https:\/\/ces.gob.gt\/wp-content\/uploads\/2026\/09\/WhatsApp-Image-2026-09-01-at-3.28.11-PM-3-300x131.jpeg 300w, https:\/\/ces.gob.gt\/wp-content\/uploads\/2026\/09\/WhatsApp-Image-2026-09-01-at-3.28.11-PM-3-768x337.jpeg 768w\" sizes=\"(max-width: 640px) 100vw, 640px\" \/><\/a>\n\t\t\t<\/div><\/figure><figure class='gallery-item'>\n\t\t\t<div class='gallery-icon landscape'>\n\t\t\t\t<a href='https:\/\/ces.gob.gt\/wp-content\/uploads\/2026\/09\/WhatsApp-Image-2026-09-01-at-3.28.11-PM-4.jpeg'><img decoding=\"async\" width=\"640\" height=\"344\" src=\"https:\/\/ces.gob.gt\/wp-content\/uploads\/2026\/09\/WhatsApp-Image-2026-09-01-at-3.28.11-PM-4.jpeg\" class=\"attachment-large size-large\" alt=\"\" srcset=\"https:\/\/ces.gob.gt\/wp-content\/uploads\/2026\/09\/WhatsApp-Image-2026-09-01-at-3.28.11-PM-4.jpeg 970w, https:\/\/ces.gob.gt\/wp-content\/uploads\/2026\/09\/WhatsApp-Image-2026-09-01-at-3.28.11-PM-4-300x161.jpeg 300w, https:\/\/ces.gob.gt\/wp-content\/uploads\/2026\/09\/WhatsApp-Image-2026-09-01-at-3.28.11-PM-4-768x413.jpeg 768w\" sizes=\"(max-width: 640px) 100vw, 640px\" \/><\/a>\n\t\t\t<\/div><\/figure><figure class='gallery-item'>\n\t\t\t<div class='gallery-icon landscape'>\n\t\t\t\t<a href='https:\/\/ces.gob.gt\/wp-content\/uploads\/2026\/09\/WhatsApp-Image-2026-09-01-at-3.28.11-PM.jpeg'><img decoding=\"async\" width=\"640\" height=\"341\" src=\"https:\/\/ces.gob.gt\/wp-content\/uploads\/2026\/09\/WhatsApp-Image-2026-09-01-at-3.28.11-PM.jpeg\" class=\"attachment-large size-large\" alt=\"\" srcset=\"https:\/\/ces.gob.gt\/wp-content\/uploads\/2026\/09\/WhatsApp-Image-2026-09-01-at-3.28.11-PM.jpeg 971w, https:\/\/ces.gob.gt\/wp-content\/uploads\/2026\/09\/WhatsApp-Image-2026-09-01-at-3.28.11-PM-300x160.jpeg 300w, https:\/\/ces.gob.gt\/wp-content\/uploads\/2026\/09\/WhatsApp-Image-2026-09-01-at-3.28.11-PM-768x409.jpeg 768w\" sizes=\"(max-width: 640px) 100vw, 640px\" \/><\/a>\n\t\t\t<\/div><\/figure><figure class='gallery-item'>\n\t\t\t<div class='gallery-icon landscape'>\n\t\t\t\t<a href='https:\/\/ces.gob.gt\/wp-content\/uploads\/2026\/09\/WhatsApp-Image-2026-09-01-at-3.28.11-PM-2.jpeg'><img loading=\"lazy\" decoding=\"async\" width=\"640\" height=\"339\" src=\"https:\/\/ces.gob.gt\/wp-content\/uploads\/2026\/09\/WhatsApp-Image-2026-09-01-at-3.28.11-PM-2.jpeg\" class=\"attachment-large size-large\" alt=\"\" srcset=\"https:\/\/ces.gob.gt\/wp-content\/uploads\/2026\/09\/WhatsApp-Image-2026-09-01-at-3.28.11-PM-2.jpeg 966w, https:\/\/ces.gob.gt\/wp-content\/uploads\/2026\/09\/WhatsApp-Image-2026-09-01-at-3.28.11-PM-2-300x159.jpeg 300w, https:\/\/ces.gob.gt\/wp-content\/uploads\/2026\/09\/WhatsApp-Image-2026-09-01-at-3.28.11-PM-2-768x407.jpeg 768w\" sizes=\"(max-width: 640px) 100vw, 640px\" \/><\/a>\n\t\t\t<\/div><\/figure>\n\t\t<\/div>\n\n","protected":false},"excerpt":{"rendered":"<p>En el marco del ejercicio de la Presidencia de la Red de Consejos Econ\u00f3micos y Sociales e Instituciones Similares de Am\u00e9rica Latina y el Caribe (CESISALC), el Consejo Econ\u00f3mico y Social de Guatemala (CES) facilit\u00f3 la coordinaci\u00f3n interinstitucional que propici\u00f3 un encuentro estrat\u00e9gico de trabajo entre representantes del Consejo Econ\u00f3mico y Social de la Rep\u00fablica&#8230;<\/p>\n","protected":false},"author":5,"featured_media":18730,"comment_status":"closed","ping_status":"open","sticky":false,"template":"","format":"standard","meta":{"footnotes":""},"categories":[53],"tags":[],"class_list":["post-18726","post","type-post","status-publish","format-standard","has-post-thumbnail","hentry","category-interinstitucionales"],"_links":{"self":[{"href":"https:\/\/ces.gob.gt\/index.php\/wp-json\/wp\/v2\/posts\/18726","targetHints":{"allow":["GET"]}}],"collection":[{"href":"https:\/\/ces.gob.gt\/index.php\/wp-json\/wp\/v2\/posts"}],"about":[{"href":"https:\/\/ces.gob.gt\/index.php\/wp-json\/wp\/v2\/types\/post"}],"author":[{"embeddable":true,"href":"https:\/\/ces.gob.gt\/index.php\/wp-json\/wp\/v2\/users\/5"}],"replies":[{"embeddable":true,"href":"https:\/\/ces.gob.gt\/index.php\/wp-json\/wp\/v2\/comments?post=18726"}],"version-history":[{"count":2,"href":"https:\/\/ces.gob.gt\/index.php\/wp-json\/wp\/v2\/posts\/18726\/revisions"}],"predecessor-version":[{"id":18733,"href":"https:\/\/ces.gob.gt\/index.php\/wp-json\/wp\/v2\/posts\/18726\/revisions\/18733"}],"wp:featuredmedia":[{"embeddable":true,"href":"https:\/\/ces.gob.gt\/index.php\/wp-json\/wp\/v2\/media\/18730"}],"wp:attachment":[{"href":"https:\/\/ces.gob.gt\/index.php\/wp-json\/wp\/v2\/media?parent=18726"}],"wp:term":[{"taxonomy":"category","embeddable":true,"href":"https:\/\/ces.gob.gt\/index.php\/wp-json\/wp\/v2\/categories?post=18726"},{"taxonomy":"post_tag","embeddable":true,"href":"https:\/\/ces.gob.gt\/index.php\/wp-json\/wp\/v2\/tags?post=18726"}],"curies":[{"name":"wp","href":"https:\/\/api.w.org\/{rel}","templated":true}]}}