{"id":18740,"date":"2026-09-03T18:12:50","date_gmt":"2026-09-03T16:12:50","guid":{"rendered":"https:\/\/ces.gob.gt\/?p=18740"},"modified":"2026-09-03T18:13:44","modified_gmt":"2026-09-03T16:13:44","slug":"presentan-tres-estudios-estrategicos-sobre-dinamicas-migratorias-oportunidades-economicas-y-el-modelo-cooperativo-en-guatemala","status":"publish","type":"post","link":"https:\/\/ces.gob.gt\/index.php\/2026\/09\/03\/presentan-tres-estudios-estrategicos-sobre-dinamicas-migratorias-oportunidades-economicas-y-el-modelo-cooperativo-en-guatemala\/","title":{"rendered":"Presentan Tres Estudios Estrat\u00e9gicos sobre Din\u00e1micas Migratorias, Oportunidades Econ\u00f3micas y el Modelo Cooperativo en Guatemala."},"content":{"rendered":"<p>Durante el encuentro se llev\u00f3 a cabo la presentaci\u00f3n oficial de tres estudios fundamentales orientados a fortalecer el conocimiento, la formulaci\u00f3n de pol\u00edticas p\u00fablicas y la toma de decisiones informadas en materia de movilidad humana e inclusi\u00f3n social en el pa\u00eds.<br \/>\nLos documentos abordan enfoques territoriales, socioculturales y econ\u00f3micos clave para atender las causas estructurales del fen\u00f3meno migratorio en diversas regiones del pa\u00eds.<\/p>\n<h2>1. \u201cDin\u00e1micas Migratorias del Pueblo Gar\u00edfuna\u201d<\/h2>\n<p>Realiza un an\u00e1lisis exhaustivo del recorrido hist\u00f3rico de movilidad del Pueblo Gar\u00edfuna, partiendo desde su asentamiento en San Vicente hasta su consolidaci\u00f3n en Livingston, Izabal; asimismo examina caracter\u00edsticas sociodemogr\u00e1ficas, causas originarias de la migraci\u00f3n y el marco legal e institucional vigente. Adem\u00e1s, formula una propuesta estrat\u00e9gica de atenci\u00f3n integral y participaci\u00f3n efectiva para esta poblaci\u00f3n.<\/p>\n<p>&nbsp;<\/p>\n<h2>2. \u201cOportunidades Econ\u00f3micas en Comunidades de Origen\u201d<\/h2>\n<p>Centra su an\u00e1lisis en el departamento de Huehuetenango, municipio catalogado entre las zonas con mayor tasa de migraci\u00f3n hacia Estados Unidos; por tanto eval\u00faa de qu\u00e9 manera la generaci\u00f3n de oportunidades de empleo, las redes de apoyo y la asistencia t\u00e9cnica permiten dinamizar la econom\u00eda local, reducir la dependencia estructural de las remesas y ofrecer alternativas sostenibles frente a la migraci\u00f3n irregular.<\/p>\n<p>&nbsp;<\/p>\n<h2>3. \u201cCooperativas y Migraci\u00f3n\u201d<\/h2>\n<p>Este estudio est\u00e1 desarrollado en concordancia con el A\u00f1o Internacional de las Cooperativas (ONU), por lo que evidencia y sistematiza las experiencias de los modelos exitosos de cooperativas integradas por migrantes en Tacan\u00e1 (San Marcos) y El Palmar (Quetzaltenango), este estudio establece lineamientos t\u00e9cnicos para promover el cooperativismo como un motor de desarrollo comunitario que prevenga los riesgos asociados a la migraci\u00f3n irregular.<\/p>\n<p>La difusi\u00f3n de estas investigaciones aporta insumos indispensables para el dise\u00f1o de estrategias integrales, consolidando alianzas entre el sector p\u00fablico, la cooperaci\u00f3n internacional y las organizaciones comunitarias para la creaci\u00f3n de oportunidades sostenibles en los territorios con mayor incidencia migratoria.<\/p>\n<div id='gallery-1' class='gallery galleryid-18740 gallery-columns-3 gallery-size-large'><figure class='gallery-item'>\n\t\t\t<div class='gallery-icon landscape'>\n\t\t\t\t<a href='https:\/\/ces.gob.gt\/wp-content\/uploads\/2026\/09\/WhatsApp-Image-2026-09-03-at-9.59.46-AM.jpeg'><img fetchpriority=\"high\" decoding=\"async\" width=\"640\" height=\"477\" src=\"https:\/\/ces.gob.gt\/wp-content\/uploads\/2026\/09\/WhatsApp-Image-2026-09-03-at-9.59.46-AM.jpeg\" class=\"attachment-large size-large\" alt=\"\" srcset=\"https:\/\/ces.gob.gt\/wp-content\/uploads\/2026\/09\/WhatsApp-Image-2026-09-03-at-9.59.46-AM.jpeg 1003w, https:\/\/ces.gob.gt\/wp-content\/uploads\/2026\/09\/WhatsApp-Image-2026-09-03-at-9.59.46-AM-300x223.jpeg 300w, https:\/\/ces.gob.gt\/wp-content\/uploads\/2026\/09\/WhatsApp-Image-2026-09-03-at-9.59.46-AM-768x572.jpeg 768w\" sizes=\"(max-width: 640px) 100vw, 640px\" \/><\/a>\n\t\t\t<\/div><\/figure><figure class='gallery-item'>\n\t\t\t<div class='gallery-icon landscape'>\n\t\t\t\t<a href='https:\/\/ces.gob.gt\/wp-content\/uploads\/2026\/09\/WhatsApp-Image-2026-09-03-at-9.55.16-AM.jpeg'><img decoding=\"async\" width=\"640\" height=\"299\" src=\"https:\/\/ces.gob.gt\/wp-content\/uploads\/2026\/09\/WhatsApp-Image-2026-09-03-at-9.55.16-AM-1024x478.jpeg\" class=\"attachment-large size-large\" alt=\"\" srcset=\"https:\/\/ces.gob.gt\/wp-content\/uploads\/2026\/09\/WhatsApp-Image-2026-09-03-at-9.55.16-AM-1024x478.jpeg 1024w, https:\/\/ces.gob.gt\/wp-content\/uploads\/2026\/09\/WhatsApp-Image-2026-09-03-at-9.55.16-AM-300x140.jpeg 300w, https:\/\/ces.gob.gt\/wp-content\/uploads\/2026\/09\/WhatsApp-Image-2026-09-03-at-9.55.16-AM-768x359.jpeg 768w, https:\/\/ces.gob.gt\/wp-content\/uploads\/2026\/09\/WhatsApp-Image-2026-09-03-at-9.55.16-AM-1536x717.jpeg 1536w, https:\/\/ces.gob.gt\/wp-content\/uploads\/2026\/09\/WhatsApp-Image-2026-09-03-at-9.55.16-AM.jpeg 1600w\" sizes=\"(max-width: 640px) 100vw, 640px\" \/><\/a>\n\t\t\t<\/div><\/figure>\n\t\t<\/div>\n\n","protected":false},"excerpt":{"rendered":"<p>Durante el encuentro se llev\u00f3 a cabo la presentaci\u00f3n oficial de tres estudios fundamentales orientados a fortalecer el conocimiento, la formulaci\u00f3n de pol\u00edticas p\u00fablicas y la toma de decisiones informadas en materia de movilidad humana e inclusi\u00f3n social en el pa\u00eds. Los documentos abordan enfoques territoriales, socioculturales y econ\u00f3micos clave para atender las causas estructurales&#8230;<\/p>\n","protected":false},"author":5,"featured_media":18742,"comment_status":"closed","ping_status":"open","sticky":false,"template":"","format":"standard","meta":{"footnotes":""},"categories":[53],"tags":[],"class_list":["post-18740","post","type-post","status-publish","format-standard","has-post-thumbnail","hentry","category-interinstitucionales"],"_links":{"self":[{"href":"https:\/\/ces.gob.gt\/index.php\/wp-json\/wp\/v2\/posts\/18740","targetHints":{"allow":["GET"]}}],"collection":[{"href":"https:\/\/ces.gob.gt\/index.php\/wp-json\/wp\/v2\/posts"}],"about":[{"href":"https:\/\/ces.gob.gt\/index.php\/wp-json\/wp\/v2\/types\/post"}],"author":[{"embeddable":true,"href":"https:\/\/ces.gob.gt\/index.php\/wp-json\/wp\/v2\/users\/5"}],"replies":[{"embeddable":true,"href":"https:\/\/ces.gob.gt\/index.php\/wp-json\/wp\/v2\/comments?post=18740"}],"version-history":[{"count":3,"href":"https:\/\/ces.gob.gt\/index.php\/wp-json\/wp\/v2\/posts\/18740\/revisions"}],"predecessor-version":[{"id":18745,"href":"https:\/\/ces.gob.gt\/index.php\/wp-json\/wp\/v2\/posts\/18740\/revisions\/18745"}],"wp:featuredmedia":[{"embeddable":true,"href":"https:\/\/ces.gob.gt\/index.php\/wp-json\/wp\/v2\/media\/18742"}],"wp:attachment":[{"href":"https:\/\/ces.gob.gt\/index.php\/wp-json\/wp\/v2\/media?parent=18740"}],"wp:term":[{"taxonomy":"category","embeddable":true,"href":"https:\/\/ces.gob.gt\/index.php\/wp-json\/wp\/v2\/categories?post=18740"},{"taxonomy":"post_tag","embeddable":true,"href":"https:\/\/ces.gob.gt\/index.php\/wp-json\/wp\/v2\/tags?post=18740"}],"curies":[{"name":"wp","href":"https:\/\/api.w.org\/{rel}","templated":true}]}}