{"id":18747,"date":"2026-09-03T18:25:46","date_gmt":"2026-09-03T16:25:46","guid":{"rendered":"https:\/\/ces.gob.gt\/?p=18747"},"modified":"2026-09-03T18:25:46","modified_gmt":"2026-09-03T16:25:46","slug":"el-ces-presenta-el-informe-prospectivo-guatemala-2050-y-avances-de-sus-comisiones-especificas-ante-el-consejo-de-administracion-de-confecoop","status":"publish","type":"post","link":"https:\/\/ces.gob.gt\/index.php\/2026\/09\/03\/el-ces-presenta-el-informe-prospectivo-guatemala-2050-y-avances-de-sus-comisiones-especificas-ante-el-consejo-de-administracion-de-confecoop\/","title":{"rendered":"El CES Presenta el Informe Prospectivo \u201cGuatemala 2050\u201d y Avances de sus Comisiones Espec\u00edficas ante el Consejo de Administraci\u00f3n de CONFECOOP."},"content":{"rendered":"<p>En el marco de la Reuni\u00f3n Ordinaria del Consejo de Administraci\u00f3n de la Confederaci\u00f3n Guatemalteca de Federaciones Cooperativas (CONFECOOP), el Consejo Econ\u00f3mico y Social de Guatemala (CES) socializ\u00f3 el \u201cGuatemala 2050: Informe Prospectivo para el Dise\u00f1o de Pol\u00edticas P\u00fablicas\u201d, as\u00ed como los avances alcanzados por sus tres Comisiones Espec\u00edficas de trabajo.<br \/>\nLa participaci\u00f3n del CES respondi\u00f3 a la invitaci\u00f3n extendida por el Lic. Edwin Delgado, Vicepresidente del Sector Cooperativista dentro de la entidad, propiciando un productivo espacio de intercambio de experiencias e impresiones con directivos y l\u00edderes del movimiento cooperativo nacional.<br \/>\nDurante la jornada de trabajo se expusieron los hallazgos y propuestas formuladas en tres \u00e1reas estrat\u00e9gicas para el desarrollo del pa\u00eds:<\/p>\n<p>1. Infraestructura Estrat\u00e9gica: Diagn\u00f3stico y propuestas para el fortalecimiento de la red vial, el sistema energ\u00e9tico nacional y la infraestructura portuaria.<\/p>\n<p>2. Capacidades del Gobierno Local: Mecanismos para robustecer la gesti\u00f3n descentralizada, la planificaci\u00f3n territorial y la eficiencia de las municipalidades.<\/p>\n<p>3. Capacidades del Estado Central: An\u00e1lisis y recomendaciones para elevar la cobertura, continuidad y calidad de los servicios b\u00e1sicos a favor de la poblaci\u00f3n<\/p>\n<p>&nbsp;<\/p>\n<h2>FORTALECIMIENTO DEL DI\u00c1LOGO SOCIAL<\/h2>\n<p>Este tipo de jornadas permiten aproximar las investigaciones y recomendaciones t\u00e9cnicas del CES a sectores din\u00e1micos y representativos de la sociedad guatemalteca, reafirmando el compromiso institucional de articular consensos, fortalecer el di\u00e1logo social y consolidar una visi\u00f3n de desarrollo sostenible de largo plazo hacia el a\u00f1o 2050.<\/p>\n<div id='gallery-1' class='gallery galleryid-18747 gallery-columns-3 gallery-size-large'><figure class='gallery-item'>\n\t\t\t<div class='gallery-icon landscape'>\n\t\t\t\t<a href='https:\/\/ces.gob.gt\/wp-content\/uploads\/2026\/09\/WhatsApp-Image-2026-09-03-at-10.07.54-AM.jpeg'><img fetchpriority=\"high\" decoding=\"async\" width=\"640\" height=\"360\" src=\"https:\/\/ces.gob.gt\/wp-content\/uploads\/2026\/09\/WhatsApp-Image-2026-09-03-at-10.07.54-AM-1024x576.jpeg\" class=\"attachment-large size-large\" alt=\"\" srcset=\"https:\/\/ces.gob.gt\/wp-content\/uploads\/2026\/09\/WhatsApp-Image-2026-09-03-at-10.07.54-AM-1024x576.jpeg 1024w, https:\/\/ces.gob.gt\/wp-content\/uploads\/2026\/09\/WhatsApp-Image-2026-09-03-at-10.07.54-AM-300x169.jpeg 300w, https:\/\/ces.gob.gt\/wp-content\/uploads\/2026\/09\/WhatsApp-Image-2026-09-03-at-10.07.54-AM-768x432.jpeg 768w, https:\/\/ces.gob.gt\/wp-content\/uploads\/2026\/09\/WhatsApp-Image-2026-09-03-at-10.07.54-AM-1536x864.jpeg 1536w, https:\/\/ces.gob.gt\/wp-content\/uploads\/2026\/09\/WhatsApp-Image-2026-09-03-at-10.07.54-AM.jpeg 1600w\" sizes=\"(max-width: 640px) 100vw, 640px\" \/><\/a>\n\t\t\t<\/div><\/figure><figure class='gallery-item'>\n\t\t\t<div class='gallery-icon landscape'>\n\t\t\t\t<a href='https:\/\/ces.gob.gt\/wp-content\/uploads\/2026\/09\/WhatsApp-Image-2026-09-03-at-10.07.54-AM-1.jpeg'><img decoding=\"async\" width=\"640\" height=\"480\" src=\"https:\/\/ces.gob.gt\/wp-content\/uploads\/2026\/09\/WhatsApp-Image-2026-09-03-at-10.07.54-AM-1-1024x768.jpeg\" class=\"attachment-large size-large\" alt=\"\" srcset=\"https:\/\/ces.gob.gt\/wp-content\/uploads\/2026\/09\/WhatsApp-Image-2026-09-03-at-10.07.54-AM-1-1024x768.jpeg 1024w, https:\/\/ces.gob.gt\/wp-content\/uploads\/2026\/09\/WhatsApp-Image-2026-09-03-at-10.07.54-AM-1-300x225.jpeg 300w, https:\/\/ces.gob.gt\/wp-content\/uploads\/2026\/09\/WhatsApp-Image-2026-09-03-at-10.07.54-AM-1-768x576.jpeg 768w, https:\/\/ces.gob.gt\/wp-content\/uploads\/2026\/09\/WhatsApp-Image-2026-09-03-at-10.07.54-AM-1-1536x1152.jpeg 1536w, https:\/\/ces.gob.gt\/wp-content\/uploads\/2026\/09\/WhatsApp-Image-2026-09-03-at-10.07.54-AM-1.jpeg 1600w\" sizes=\"(max-width: 640px) 100vw, 640px\" \/><\/a>\n\t\t\t<\/div><\/figure><figure class='gallery-item'>\n\t\t\t<div class='gallery-icon landscape'>\n\t\t\t\t<a href='https:\/\/ces.gob.gt\/wp-content\/uploads\/2026\/09\/WhatsApp-Image-2026-09-03-at-10.07.54-AM-2.jpeg'><img decoding=\"async\" width=\"640\" height=\"360\" src=\"https:\/\/ces.gob.gt\/wp-content\/uploads\/2026\/09\/WhatsApp-Image-2026-09-03-at-10.07.54-AM-2-1024x576.jpeg\" class=\"attachment-large size-large\" alt=\"\" srcset=\"https:\/\/ces.gob.gt\/wp-content\/uploads\/2026\/09\/WhatsApp-Image-2026-09-03-at-10.07.54-AM-2-1024x576.jpeg 1024w, https:\/\/ces.gob.gt\/wp-content\/uploads\/2026\/09\/WhatsApp-Image-2026-09-03-at-10.07.54-AM-2-300x169.jpeg 300w, https:\/\/ces.gob.gt\/wp-content\/uploads\/2026\/09\/WhatsApp-Image-2026-09-03-at-10.07.54-AM-2-768x432.jpeg 768w, https:\/\/ces.gob.gt\/wp-content\/uploads\/2026\/09\/WhatsApp-Image-2026-09-03-at-10.07.54-AM-2-1536x864.jpeg 1536w, https:\/\/ces.gob.gt\/wp-content\/uploads\/2026\/09\/WhatsApp-Image-2026-09-03-at-10.07.54-AM-2.jpeg 1600w\" sizes=\"(max-width: 640px) 100vw, 640px\" \/><\/a>\n\t\t\t<\/div><\/figure>\n\t\t<\/div>\n\n","protected":false},"excerpt":{"rendered":"<p>En el marco de la Reuni\u00f3n Ordinaria del Consejo de Administraci\u00f3n de la Confederaci\u00f3n Guatemalteca de Federaciones Cooperativas (CONFECOOP), el Consejo Econ\u00f3mico y Social de Guatemala (CES) socializ\u00f3 el \u201cGuatemala 2050: Informe Prospectivo para el Dise\u00f1o de Pol\u00edticas P\u00fablicas\u201d, as\u00ed como los avances alcanzados por sus tres Comisiones Espec\u00edficas de trabajo. La participaci\u00f3n del CES&#8230;<\/p>\n","protected":false},"author":5,"featured_media":18751,"comment_status":"closed","ping_status":"open","sticky":false,"template":"","format":"standard","meta":{"footnotes":""},"categories":[53,1],"tags":[],"class_list":["post-18747","post","type-post","status-publish","format-standard","has-post-thumbnail","hentry","category-interinstitucionales","category-sin-categoria"],"_links":{"self":[{"href":"https:\/\/ces.gob.gt\/index.php\/wp-json\/wp\/v2\/posts\/18747","targetHints":{"allow":["GET"]}}],"collection":[{"href":"https:\/\/ces.gob.gt\/index.php\/wp-json\/wp\/v2\/posts"}],"about":[{"href":"https:\/\/ces.gob.gt\/index.php\/wp-json\/wp\/v2\/types\/post"}],"author":[{"embeddable":true,"href":"https:\/\/ces.gob.gt\/index.php\/wp-json\/wp\/v2\/users\/5"}],"replies":[{"embeddable":true,"href":"https:\/\/ces.gob.gt\/index.php\/wp-json\/wp\/v2\/comments?post=18747"}],"version-history":[{"count":2,"href":"https:\/\/ces.gob.gt\/index.php\/wp-json\/wp\/v2\/posts\/18747\/revisions"}],"predecessor-version":[{"id":18752,"href":"https:\/\/ces.gob.gt\/index.php\/wp-json\/wp\/v2\/posts\/18747\/revisions\/18752"}],"wp:featuredmedia":[{"embeddable":true,"href":"https:\/\/ces.gob.gt\/index.php\/wp-json\/wp\/v2\/media\/18751"}],"wp:attachment":[{"href":"https:\/\/ces.gob.gt\/index.php\/wp-json\/wp\/v2\/media?parent=18747"}],"wp:term":[{"taxonomy":"category","embeddable":true,"href":"https:\/\/ces.gob.gt\/index.php\/wp-json\/wp\/v2\/categories?post=18747"},{"taxonomy":"post_tag","embeddable":true,"href":"https:\/\/ces.gob.gt\/index.php\/wp-json\/wp\/v2\/tags?post=18747"}],"curies":[{"name":"wp","href":"https:\/\/api.w.org\/{rel}","templated":true}]}}