{"id":18767,"date":"2026-09-04T22:04:28","date_gmt":"2026-09-04T20:04:28","guid":{"rendered":"https:\/\/ces.gob.gt\/?p=18767"},"modified":"2026-09-04T22:04:28","modified_gmt":"2026-09-04T20:04:28","slug":"el-ces-participa-en-el-encuentro-nacional-de-planificadores-2026-organizado-por-segeplan","status":"publish","type":"post","link":"https:\/\/ces.gob.gt\/index.php\/2026\/09\/04\/el-ces-participa-en-el-encuentro-nacional-de-planificadores-2026-organizado-por-segeplan\/","title":{"rendered":"El CES Participa en el Encuentro Nacional de Planificadores 2026 Organizado por SEGEPLAN."},"content":{"rendered":"<p>El Consejo Econ\u00f3mico y Social de Guatemala (CES) form\u00f3 parte del Encuentro Nacional de Planificaci\u00f3n 2026, evento organizado por la Secretar\u00eda de Planificaci\u00f3n y Programaci\u00f3n de la Presidencia (SEGEPLAN) en la modalidad de Boot Camp; la jornada fue coordinada por la Direcci\u00f3n de Fortalecimiento de Capacidades del Sistema Nacional de Planificaci\u00f3n con el objetivo de sentar las bases para la constituci\u00f3n de la Red de Planificadores de Guatemala.<br \/>\nEl encuentro combin\u00f3 formaci\u00f3n t\u00e9cnica de alto nivel mediante conferencias magistrales sobre el Estado de la Regi\u00f3n Centroamericana, experiencias internacionales en gesti\u00f3n de redes compartidas por el ILPES\/CEPAL y el potencial de la Inteligencia Artificial (IA) en la gesti\u00f3n p\u00fablica; adem\u00e1s, se implement\u00f3 la Metodolog\u00eda TRAMA a trav\u00e9s de din\u00e1micas colaborativas que permitieron tejer lazos y generar sinergias entre los equipos de planificaci\u00f3n de las distintas instituciones del Estado.<br \/>\nLa vinculaci\u00f3n del CES, aporta ventajas clave para el desarrollo institucional:<br \/>\n\u2022 Posiciona al CES como un actor relevante dentro de la Red, facilitando canales directos de coordinaci\u00f3n con SEGEPLAN y con las unidades de planificaci\u00f3n de diversas entidades p\u00fablicas para futuras alianzas de trabajo.<\/p>\n<p>\u2022 El an\u00e1lisis de las tendencias regionales presentadas por la CEPAL y el aprendizaje sobre el uso estrat\u00e9gico de la IA constituyen insumos valiosos que el CES podr\u00e1 incorporar en la formulaci\u00f3n de sus dict\u00e1menes, an\u00e1lisis socioecon\u00f3micos y recomendaciones de pol\u00edtica p\u00fablica.<br \/>\nel CES ratifica su disposici\u00f3n de sumar esfuerzos al Sistema Nacional de Planificaci\u00f3n, impulsando la innovaci\u00f3n metodol\u00f3gica y el trabajo colaborativo para una gesti\u00f3n p\u00fablica m\u00e1s eficiente y con visi\u00f3n de pa\u00eds.<\/p>\n<p>&nbsp;<\/p>\n<div id='gallery-1' class='gallery galleryid-18767 gallery-columns-4 gallery-size-large'><figure class='gallery-item'>\n\t\t\t<div class='gallery-icon landscape'>\n\t\t\t\t<a href='https:\/\/ces.gob.gt\/wp-content\/uploads\/2026\/09\/WhatsApp-Image-2026-09-03-at-10.25.26-AM-1.jpeg'><img fetchpriority=\"high\" decoding=\"async\" width=\"640\" height=\"480\" src=\"https:\/\/ces.gob.gt\/wp-content\/uploads\/2026\/09\/WhatsApp-Image-2026-09-03-at-10.25.26-AM-1-1024x768.jpeg\" class=\"attachment-large size-large\" alt=\"\" srcset=\"https:\/\/ces.gob.gt\/wp-content\/uploads\/2026\/09\/WhatsApp-Image-2026-09-03-at-10.25.26-AM-1-1024x768.jpeg 1024w, https:\/\/ces.gob.gt\/wp-content\/uploads\/2026\/09\/WhatsApp-Image-2026-09-03-at-10.25.26-AM-1-300x225.jpeg 300w, https:\/\/ces.gob.gt\/wp-content\/uploads\/2026\/09\/WhatsApp-Image-2026-09-03-at-10.25.26-AM-1-768x576.jpeg 768w, https:\/\/ces.gob.gt\/wp-content\/uploads\/2026\/09\/WhatsApp-Image-2026-09-03-at-10.25.26-AM-1-1536x1152.jpeg 1536w, https:\/\/ces.gob.gt\/wp-content\/uploads\/2026\/09\/WhatsApp-Image-2026-09-03-at-10.25.26-AM-1.jpeg 1600w\" sizes=\"(max-width: 640px) 100vw, 640px\" \/><\/a>\n\t\t\t<\/div><\/figure><figure class='gallery-item'>\n\t\t\t<div class='gallery-icon landscape'>\n\t\t\t\t<a href='https:\/\/ces.gob.gt\/wp-content\/uploads\/2026\/09\/WhatsApp-Image-2026-09-03-at-10.25.26-AM-2.jpeg'><img decoding=\"async\" width=\"640\" height=\"480\" src=\"https:\/\/ces.gob.gt\/wp-content\/uploads\/2026\/09\/WhatsApp-Image-2026-09-03-at-10.25.26-AM-2-1024x768.jpeg\" class=\"attachment-large size-large\" alt=\"\" srcset=\"https:\/\/ces.gob.gt\/wp-content\/uploads\/2026\/09\/WhatsApp-Image-2026-09-03-at-10.25.26-AM-2-1024x768.jpeg 1024w, https:\/\/ces.gob.gt\/wp-content\/uploads\/2026\/09\/WhatsApp-Image-2026-09-03-at-10.25.26-AM-2-300x225.jpeg 300w, https:\/\/ces.gob.gt\/wp-content\/uploads\/2026\/09\/WhatsApp-Image-2026-09-03-at-10.25.26-AM-2-768x576.jpeg 768w, https:\/\/ces.gob.gt\/wp-content\/uploads\/2026\/09\/WhatsApp-Image-2026-09-03-at-10.25.26-AM-2-1536x1152.jpeg 1536w, https:\/\/ces.gob.gt\/wp-content\/uploads\/2026\/09\/WhatsApp-Image-2026-09-03-at-10.25.26-AM-2.jpeg 1600w\" sizes=\"(max-width: 640px) 100vw, 640px\" \/><\/a>\n\t\t\t<\/div><\/figure><figure class='gallery-item'>\n\t\t\t<div class='gallery-icon landscape'>\n\t\t\t\t<a href='https:\/\/ces.gob.gt\/wp-content\/uploads\/2026\/09\/WhatsApp-Image-2026-09-03-at-10.25.26-AM-3.jpeg'><img decoding=\"async\" width=\"640\" height=\"480\" src=\"https:\/\/ces.gob.gt\/wp-content\/uploads\/2026\/09\/WhatsApp-Image-2026-09-03-at-10.25.26-AM-3-1024x768.jpeg\" class=\"attachment-large size-large\" alt=\"\" srcset=\"https:\/\/ces.gob.gt\/wp-content\/uploads\/2026\/09\/WhatsApp-Image-2026-09-03-at-10.25.26-AM-3-1024x768.jpeg 1024w, https:\/\/ces.gob.gt\/wp-content\/uploads\/2026\/09\/WhatsApp-Image-2026-09-03-at-10.25.26-AM-3-300x225.jpeg 300w, https:\/\/ces.gob.gt\/wp-content\/uploads\/2026\/09\/WhatsApp-Image-2026-09-03-at-10.25.26-AM-3-768x576.jpeg 768w, https:\/\/ces.gob.gt\/wp-content\/uploads\/2026\/09\/WhatsApp-Image-2026-09-03-at-10.25.26-AM-3.jpeg 1280w\" sizes=\"(max-width: 640px) 100vw, 640px\" \/><\/a>\n\t\t\t<\/div><\/figure><figure class='gallery-item'>\n\t\t\t<div class='gallery-icon landscape'>\n\t\t\t\t<a href='https:\/\/ces.gob.gt\/wp-content\/uploads\/2026\/09\/WhatsApp-Image-2026-09-03-at-10.25.26-AM-4.jpeg'><img loading=\"lazy\" decoding=\"async\" width=\"640\" height=\"480\" src=\"https:\/\/ces.gob.gt\/wp-content\/uploads\/2026\/09\/WhatsApp-Image-2026-09-03-at-10.25.26-AM-4-1024x768.jpeg\" class=\"attachment-large size-large\" alt=\"\" srcset=\"https:\/\/ces.gob.gt\/wp-content\/uploads\/2026\/09\/WhatsApp-Image-2026-09-03-at-10.25.26-AM-4-1024x768.jpeg 1024w, https:\/\/ces.gob.gt\/wp-content\/uploads\/2026\/09\/WhatsApp-Image-2026-09-03-at-10.25.26-AM-4-300x225.jpeg 300w, https:\/\/ces.gob.gt\/wp-content\/uploads\/2026\/09\/WhatsApp-Image-2026-09-03-at-10.25.26-AM-4-768x576.jpeg 768w, https:\/\/ces.gob.gt\/wp-content\/uploads\/2026\/09\/WhatsApp-Image-2026-09-03-at-10.25.26-AM-4-1536x1152.jpeg 1536w, https:\/\/ces.gob.gt\/wp-content\/uploads\/2026\/09\/WhatsApp-Image-2026-09-03-at-10.25.26-AM-4.jpeg 1600w\" sizes=\"(max-width: 640px) 100vw, 640px\" \/><\/a>\n\t\t\t<\/div><\/figure>\n\t\t<\/div>\n\n","protected":false},"excerpt":{"rendered":"<p>El Consejo Econ\u00f3mico y Social de Guatemala (CES) form\u00f3 parte del Encuentro Nacional de Planificaci\u00f3n 2026, evento organizado por la Secretar\u00eda de Planificaci\u00f3n y Programaci\u00f3n de la Presidencia (SEGEPLAN) en la modalidad de Boot Camp; la jornada fue coordinada por la Direcci\u00f3n de Fortalecimiento de Capacidades del Sistema Nacional de Planificaci\u00f3n con el objetivo de&#8230;<\/p>\n","protected":false},"author":5,"featured_media":18757,"comment_status":"closed","ping_status":"open","sticky":false,"template":"","format":"standard","meta":{"footnotes":""},"categories":[53],"tags":[],"class_list":["post-18767","post","type-post","status-publish","format-standard","has-post-thumbnail","hentry","category-interinstitucionales"],"_links":{"self":[{"href":"https:\/\/ces.gob.gt\/index.php\/wp-json\/wp\/v2\/posts\/18767","targetHints":{"allow":["GET"]}}],"collection":[{"href":"https:\/\/ces.gob.gt\/index.php\/wp-json\/wp\/v2\/posts"}],"about":[{"href":"https:\/\/ces.gob.gt\/index.php\/wp-json\/wp\/v2\/types\/post"}],"author":[{"embeddable":true,"href":"https:\/\/ces.gob.gt\/index.php\/wp-json\/wp\/v2\/users\/5"}],"replies":[{"embeddable":true,"href":"https:\/\/ces.gob.gt\/index.php\/wp-json\/wp\/v2\/comments?post=18767"}],"version-history":[{"count":1,"href":"https:\/\/ces.gob.gt\/index.php\/wp-json\/wp\/v2\/posts\/18767\/revisions"}],"predecessor-version":[{"id":18768,"href":"https:\/\/ces.gob.gt\/index.php\/wp-json\/wp\/v2\/posts\/18767\/revisions\/18768"}],"wp:featuredmedia":[{"embeddable":true,"href":"https:\/\/ces.gob.gt\/index.php\/wp-json\/wp\/v2\/media\/18757"}],"wp:attachment":[{"href":"https:\/\/ces.gob.gt\/index.php\/wp-json\/wp\/v2\/media?parent=18767"}],"wp:term":[{"taxonomy":"category","embeddable":true,"href":"https:\/\/ces.gob.gt\/index.php\/wp-json\/wp\/v2\/categories?post=18767"},{"taxonomy":"post_tag","embeddable":true,"href":"https:\/\/ces.gob.gt\/index.php\/wp-json\/wp\/v2\/tags?post=18767"}],"curies":[{"name":"wp","href":"https:\/\/api.w.org\/{rel}","templated":true}]}}